{"id":443,"date":"2023-02-27T22:06:21","date_gmt":"2023-02-27T22:06:21","guid":{"rendered":"https:\/\/mublog.net\/?p=443"},"modified":"2024-01-05T15:17:02","modified_gmt":"2024-01-05T15:17:02","slug":"kok-kalik-teg-ucsuz-tupsuz-gok-gibi-ucsuz-bucaksiz","status":"publish","type":"post","link":"https:\/\/mublog.net\/index.php\/2023\/02\/27\/kok-kalik-teg-ucsuz-tupsuz-gok-gibi-ucsuz-bucaksiz\/","title":{"rendered":"k\u00f6k kal\u0131k teg u\u00e7suz t\u00fcps\u00fcz &#8211; g\u00f6k gibi u\u00e7suz bucaks\u0131z"},"content":{"rendered":"\n<p>#GUR, #GUZ, #GUT,<\/p>\n\n\n\n<p>#GALZU, #KUR\u0130GALZU<\/p>\n\n\n\n<p>#KALI\u011e, #G\u00d6K<\/p>\n\n\n\n<p>#BURNABURYA\u015e, #BURYA\u015e, #BU\u011e, #BURHAN<\/p>\n\n\n\n<p>#KA\u015e, #KASS\u0130TE<\/p>\n\n\n\n<p><\/p>\n\n\n\n<p>\u00d6ZET:<\/p>\n\n\n\n<p>Prof. Dr. Vecihe Hatipo\u011flu 1979 y\u0131l\u0131nda T\u00fcrkoloji Dergisi\u2019nde eski&nbsp;Mezopotamya&#8217;daki T\u00fcrk<\/p>\n\n\n\n<p>varl\u0131\u011f\u0131n\u0131&nbsp;g\u00f6sterdi\u011fi &#8220;T\u00fcrk Tarihinin Ba\u015flang\u0131c\u0131&#8221; adl\u0131 bilgilendirmesinden yola \u00e7\u0131karak Ka\u015flarda \u00d6n T\u00fcrklerin izlerine \u0131\u015f\u0131k tutuluyor.<\/p>\n\n\n\n<p><em>Ka\u015flar\u0131n<\/em> Dilinden g\u00fcn\u00fcm\u00fcze gelmi\u015f s\u00f6zler Altay T\u00fcrk Dilleri ile kar\u015f\u0131la\u015ft\u0131r\u0131p bat\u0131 Avrupa\u2019da <em>Kasit<\/em> diye adland\u0131ran hanl\u0131\u011f\u0131n \u00f6n\u00fcne ge\u00e7mi\u015f <em>Burnaburya\u015f<\/em>\/<em>Burraburya\u015f<\/em><strong> <\/strong>ile <em>Kurigalzu<\/em> diye bilinen ba\u015fbu\u011flar\u0131n adlar\u0131n\u0131n k\u00f6keni ara\u015ft\u0131r\u0131l\u0131yor.<\/p>\n\n\n\n<h2 class=\"wp-block-heading\">1.&nbsp;&nbsp;&nbsp;&nbsp; Kut, Gut ile Ka\u015flar \u00d6n-T\u00fcrkler<\/h2>\n\n\n\n<p>Prof.&nbsp;Landsberger&#8217;in Atat\u00fcrk&#8217;\u00fcn de bulundu\u011fu&nbsp;1937&#8217;deki&nbsp;Tarih Kurultay\u0131nda verdi\u011fi&nbsp;a\u00e7\u0131klamaya g\u00f6re Gutlar&nbsp;(Kut&#8217;lar) &nbsp;Kuzey&nbsp;Asya&#8217;dan&nbsp;g\u00f6\u00e7m\u00fc\u015f&nbsp;olan bir&nbsp;T\u00fcrk&nbsp;boyudur.<\/p>\n\n\n\n<p>Kuzey&nbsp;Asya&#8217;da,&nbsp;Subar&#8217;lar&nbsp;[Su \u00e7evresinde bar\u0131nanlar; suvar(DLT)]&nbsp; ad\u0131&nbsp;alt\u0131nda&nbsp;ya\u015fayan&nbsp;T\u00fcrk&nbsp;boylar\u0131,<\/p>\n\n\n\n<p>dondurucu&nbsp;so\u011fuk,&nbsp;buz&nbsp;ile&nbsp;ge\u00e7imsizlik y\u00fcz\u00fcnden,&nbsp;Sibirya&#8217;dan&nbsp;\u00e7e\u015fitli&nbsp;yollarla,&nbsp;bug\u00fcnk\u00fc Kuzey<\/p>\n\n\n\n<p>\u0130ran \u00fczerinden G\u00fcney&nbsp;Mezopotamya&#8217;ya&nbsp;g\u00f6\u00e7&nbsp;edip&nbsp; &#8220;Ur&nbsp;ve&nbsp;Uruk&#8221; ad\u0131ndaki \u00d6n-T\u00fcrk kentlerini&nbsp;kurmu\u015flard\u0131r.&nbsp;<\/p>\n\n\n\n<p>Dil&nbsp;ve&nbsp;a\u011f\u0131z&nbsp;\u00f6zellikleri&nbsp;dikkate&nbsp;al\u0131n\u0131nca,&nbsp;S\u00fcmer&#8217;lerin&nbsp;bug\u00fcnk\u00fc&nbsp;en&nbsp;yak\u0131n&nbsp;temsilcileri&nbsp;Kuzey&nbsp;Asya&#8217;da&nbsp;<\/p>\n\n\n\n<p>ya\u015fayan&nbsp;Suvar,&nbsp;Yakut,&nbsp;Karaga\u015f,&nbsp;\u00c7uva\u015f&nbsp;T\u00fcrkleridir.<\/p>\n\n\n\n<p>Gutlar&nbsp;\u00e7ok&nbsp;yak\u0131n&nbsp;soyda\u015flar\u0131&nbsp;olan&nbsp;S\u00fcmer&nbsp;taban\u0131na&nbsp;kolayl\u0131kla&nbsp;ayak uydurmu\u015flar,&nbsp;yo\u011fun&nbsp;Sam\u00ee&nbsp;<\/p>\n\n\n\n<p>topluluklara kar\u0131\u015f\u0131p 125&nbsp;y\u0131l da Babil\u2019e&nbsp;egemen&nbsp;olabilmi\u015flerdir.&nbsp;<\/p>\n\n\n\n<p>Prof. Benno Landsberger&#8217;in&nbsp;belirtti\u011fi&nbsp;gibi \u0130.\u00d6.&nbsp;2500&nbsp;y\u0131llar\u0131nda&nbsp;Mezopotamya&#8217;ya&nbsp;Gut&nbsp;ya&nbsp;da&nbsp;<\/p>\n\n\n\n<p>Kut&nbsp;bi\u00e7imlerindeki&nbsp;adlar\u0131yla giren boylar\u0131n kendilerinden&nbsp;500-\u00ad700&nbsp;y\u0131l&nbsp;sonra&nbsp;y\u00f6rede&nbsp;ya\u015fayan&nbsp;<\/p>\n\n\n\n<p>Guz&nbsp;ya&nbsp;da&nbsp;Ka\u015f&nbsp;kavmiyle&nbsp;ba\u011flant\u0131s\u0131 kolayl\u0131kla&nbsp;a\u00e7\u0131klanabilir.&nbsp;<\/p>\n\n\n\n<p class=\"has-xsmall-font-size\">[1979 , &#8220;T\u00fcrk Tarihinin Ba\u015flang\u0131c\u0131&#8221;; Prof. Dr. Vecihe Hatipo\u011flu]<\/p>\n\n\n\n<p>Bu \u00d6n-T\u00fcrk boylar\u0131 Kuzey Asya\u2019dan Mezopotamya\u2019ya at\u00e7\u0131l\u0131\u011f\u0131 ve at k\u00fclt\u00fcr\u00fcn\u00fc getirdikleri de bilinmektedir. Onlar\u0131n d\u00f6neminde Babil\u2019de atlar daha yo\u011fun kullan\u0131lmaya ba\u015fland\u0131.<\/p>\n\n\n\n<p>Ka\u015flar\u0131n <em>kudurru<\/em> ad\u0131 alt\u0131nda diktikleri s\u0131n\u0131r ta\u015flar\u0131 Mezopotamya\u2019ya getirdikleri geleneklerinden bir dahas\u0131.<\/p>\n\n\n\n<h2 class=\"wp-block-heading\">2.&nbsp;&nbsp;&nbsp;&nbsp; Galzu \u2013 Ka\u015flar\u0131n \u00f6z ad\u0131 ( &#8220;G\u00f6kten gelenler&#8221; )<\/h2>\n\n\n\n<h3 class=\"wp-block-heading\">2.1 Ka\u015flar\/Kasitler \u00fczerinde ara\u015ft\u0131rmalar<\/h3>\n\n\n\n<p>Atat\u00fcrk 1937&nbsp;y\u0131l\u0131nda Tarih&nbsp;Kurultay\u0131n\u0131 d\u00fczenlemesiyle sonu\u00e7lar\u0131 toplan\u0131p&nbsp;yay\u0131nland\u0131ktan sonra<\/p>\n\n\n\n<p>Kasitler \u00fczerinde uzmanla\u015fan Kemal Balkan\u2019\u0131n \u00e7al\u0131\u015fmalar\u0131 en \u00f6nde geliyor. Ancak Gutlar\u0131n\/Guzlar\u0131n \u00d6n T\u00fcrklerin tarihindeki yerleri uzun bir s\u00fcre g\u00fcndeme getirilmedi ta ki:<\/p>\n\n\n\n<p><em>&#8220;K\u0131rk&nbsp;y\u0131l&nbsp;sonra,&nbsp;O\u011fuz&nbsp;s\u00f6zc\u00fc\u011f\u00fcn\u00fcn&nbsp;incelenmesi&nbsp;s\u0131ras\u0131nda,&nbsp;Fars&#8217;lar\u0131n,&nbsp; Araplar\u0131n&nbsp;eski&nbsp;\u00e7a\u011flardan&nbsp;<\/em><\/p>\n\n\n\n<p><em>beri,&nbsp;d\u00fczenli&nbsp;bir&nbsp;bi\u00e7imde,&nbsp;O\u011fuz&#8217;lara&nbsp;Guz&nbsp;demelerine&nbsp;dikkat&nbsp;edilmi\u015f&nbsp;ve&nbsp;bu&nbsp;olay\u0131n&nbsp;nedenleri&nbsp;<\/em><\/p>\n\n\n\n<p><em>ara\u015ft\u0131r\u0131lm\u0131\u015f,&nbsp;..&nbsp;\u0130sa&#8217;dan&nbsp;\u00f6nce&nbsp;1700&nbsp;y\u0131llar\u0131nda&nbsp;Mezopotamya&#8217;da&nbsp;560&nbsp;y\u0131l&nbsp;h\u00fckmetmi\u015f&nbsp;olan&nbsp;Ka\u015f&#8217;lara&nbsp;ula\u015f\u0131lm\u0131\u015ft\u0131r&#8230;&nbsp;<\/em><\/p>\n\n\n\n<p><em>T\u00fcrk&nbsp;tarihi,&nbsp;\u0130.\u00d6.&nbsp;\u00fc\u00e7&nbsp;bin&nbsp;be\u015f&nbsp;y\u00fcz&nbsp;(3500)&nbsp;y\u0131llar\u0131nda&nbsp;ya\u015fam\u0131\u015f&nbsp;olan&nbsp;S\u00fcmerlerin&nbsp;tarihiyle&nbsp;<\/em><\/p>\n\n\n\n<p><em>ba\u015flat\u0131lmal\u0131d\u0131r.&nbsp;<\/em><em>&#8220;<\/em><\/p>\n\n\n\n<p class=\"has-xsmall-font-size\">[1979 , &#8220;T\u00fcrk Tarihinin Ba\u015flang\u0131c\u0131&#8221;; Prof. Dr. Vecihe Hatipo\u011flu]<\/p>\n\n\n\n<p><\/p>\n\n\n\n<p>Ka\u015flar\u0131n \u00d6n T\u00fcrk k\u00f6kenlerini dil ara\u015ft\u0131rmalar\u0131 g\u00f6stermektedir art\u0131k.<\/p>\n\n\n\n<p>Bug\u00fcn Ka\u015flar diye kay\u0131t edilen toplumun ad\u0131 Akadca dilinden geliyor. Kendi ulusal dillerinde Ka\u015flar kendi boylar\u0131n\u0131 <em>Galzu<\/em> diye tan\u0131mlam\u0131\u015flar. Bu <em>Galzu<\/em> etnonimim <em>Kurigalzu<\/em> diye tarihe ge\u00e7mi\u015f hanlar\u0131n ad\u0131nda bulunmas\u0131 bilim d\u00fcnyas\u0131n\u0131n dikkatini \u00e7ekmesi gereken bir olgudur.<\/p>\n\n\n\n<p><em>Ka\u015flar\u0131n\/Galzular\u0131n<\/em> d\u00f6nemlerinde <em>Kurigalzu<\/em> ad\u0131nda iki \u00f6nder kay\u0131tlara ge\u00e7ti.<\/p>\n\n\n\n<p>Kurigalzu I. Babil\u2019in 17. kral\u0131 idi. Kendi ad\u0131n\u0131 ta\u015f\u0131yan, eski bir yerle\u015fim yeri \u00fczerine kurulan ve M\u00d6 1390 civar\u0131nda in\u015fa edilen, <em>Dur-Kurigalzu<\/em> veya <em>&#8216;Kurigalzu kalesi<\/em>&#8216; adl\u0131 yeni bir ba\u015fkenti kurdu.<\/p>\n\n\n\n<p>Bu kent \u00f6zellikle orada bulununan Lapis lazuli kayna\u011f\u0131n ticaret yollar\u0131 ile kesi\u015fti\u011fi yere konumland\u0131r\u0131lm\u0131\u015ft\u0131.<\/p>\n\n\n\n<p>Kurigalzu II. \u0130\u00d6. 1332 ile 1308 y\u0131llar\u0131 aras\u0131nda Babil\u2019in 22. kral\u0131 idi.<\/p>\n\n\n\n<p>\u0130ki kronik, Sugagu sava\u015f\u0131 olarak adland\u0131r\u0131lan, Dicle \u00fczerinde Assur&#8217;un g\u00fcneyinde ve dolay\u0131s\u0131yla Asur topraklar\u0131n\u0131n derinliklerinde, II. Kurigalzu ile Asurlu \u00e7a\u011fda\u015f\u0131 aras\u0131nda toprak de\u011fi\u015f toku\u015fu ile sonu\u00e7lanan bir \u00e7at\u0131\u015fmay\u0131 bildirir. Ka\u0161tilia\u0161u IV&#8217;\u00fcn daha sonra dikti\u011fi kudurru&#8217;su (s\u0131n\u0131r ta\u015f\u0131), Kurigalzu&#8217;nun Asur&#8217;a kar\u015f\u0131 sava\u015ftaki hizmetinden dolay\u0131 Uzub-\u0160i\u1e2bu veya -\u0160ipak&#8217;a geni\u015f bir arazi hediye \u00a0ederek ona kar\u015f\u0131 duydu\u011fu minnettarl\u0131\u011f\u0131 hat\u0131rlat\u0131yor.<\/p>\n\n\n\n<p><\/p>\n\n\n\n<h3 class=\"wp-block-heading\">2.2 Galzu ad\u0131n \u00d6n T\u00fcrk s\u00f6zc\u00fc\u011f\u00fc olarak \u00e7\u00f6z\u00fcm\u00fc<\/h3>\n\n\n\n<p>\u015eimdi<em> Galzu <\/em>ad\u0131n\u0131 g\u00f6zden ge\u00e7irece\u011fiz.<\/p>\n\n\n\n<p>Eski T\u00fcrk\u00e7e Dilinde g\u00f6k anlam\u0131na gelen <em>kal\u0131\u011f\/kal\u0131k<\/em> s\u00f6zleri bulunur.<\/p>\n\n\n\n<p><strong>kal\u0131-<\/strong>&nbsp;&nbsp;&nbsp;&nbsp;&nbsp;&nbsp; &nbsp;&nbsp;&nbsp;&nbsp;&nbsp;&nbsp;&nbsp;&nbsp;&nbsp;&nbsp;&nbsp;&nbsp;&nbsp;&nbsp;&nbsp;&nbsp;&nbsp;&nbsp;&nbsp;&nbsp;&nbsp;&nbsp;&nbsp;&nbsp;&nbsp;&nbsp;&nbsp;&nbsp;&nbsp;&nbsp;&nbsp;&nbsp;&nbsp;&nbsp;&nbsp;&nbsp;&nbsp;&nbsp;&nbsp;&nbsp;&nbsp;&nbsp;&nbsp; &#8211;&gt;&nbsp;&nbsp;&nbsp;&nbsp;&nbsp;&nbsp;&nbsp;&nbsp;&nbsp; u\u00e7mak, havalanmak, y\u00fckselmek<\/p>\n\n\n\n<p class=\"has-xsmall-font-size\">[2004 , &#8220;<em>Irk Bitig, Eski Uygurca Fal Kitab\u0131<\/em> &#8220;; T. Tekin]<\/p>\n\n\n\n<p><strong>kaltur-<\/strong>&nbsp; &nbsp;&nbsp;&nbsp;&nbsp;&nbsp;&nbsp;&nbsp;&nbsp;&nbsp;&nbsp;&nbsp;&nbsp;&nbsp;&nbsp;&nbsp;&nbsp;&nbsp;&nbsp;&nbsp;&nbsp;&nbsp;&nbsp;&nbsp;&nbsp;&nbsp;&nbsp;&nbsp;&nbsp;&nbsp;&nbsp;&nbsp;&nbsp;&nbsp;&nbsp;&nbsp;&nbsp;&nbsp;&nbsp;&nbsp;&nbsp;&nbsp;&nbsp;&nbsp; &#8211;&gt;&nbsp;&nbsp;&nbsp;&nbsp;&nbsp;&nbsp;&nbsp;&nbsp;&nbsp; kal\u0131- eylemin ettirgenlik \u015fekli<\/p>\n\n\n\n<p class=\"has-xsmall-font-size\">[1991 , &#8220;<em>Old Turkic Word Formation<\/em> &#8220;; Erdal ]<\/p>\n\n\n\n<p><strong>et\u2019\u00f6zte yaruk tilgen \u00fcmmek kaldurm\u0131\u015f teg bolmak <\/strong> &#8211;>\u00a0\u00a0\u00a0\u00a0\u00a0\u00a0\u00a0\u00a0\u00a0 bedenden \u0131\u015f\u0131k dairesi \u00e7\u0131karmak, y\u00fccelmi\u015f gibi olmak<\/p>\n\n\n\n<p class=\"has-xsmall-font-size\">[1978 , &#8220;<em>Ein uigurisches Totenbuch<\/em> &#8220;; Zieme ]<\/p>\n\n\n\n<p><strong>k\u00f6k kal\u0131k teg u\u00e7suz t\u00fcps\u00fcz<\/strong>&nbsp;&nbsp;&nbsp;&nbsp;&nbsp;&nbsp;&nbsp;&nbsp;&nbsp; &#8211;&gt;&nbsp;&nbsp;&nbsp;&nbsp;&nbsp;&nbsp;&nbsp;&nbsp;&nbsp; g\u00f6k gibi u\u00e7suz bucaks\u0131z<\/p>\n\n\n\n<p class=\"has-xsmall-font-size\">[1977 , &#8220;<em>Berliner Turfan-Texte<\/em> &#8220;; Zieme,Peter ; Kara, Gy\u00f6rgy ]<\/p>\n\n\n\n<p>G\u00f6kt\u00fcrklerin kurduklar\u0131 ka\u011fanl\u0131\u011f\u0131n ad\u0131 \u2018G\u00f6k\u2019 anlam\u0131n\u0131 i\u00e7ermesi <em>Galzu <\/em>etnonimi i\u00e7in de \u015fu \u00e7\u00f6z\u00fcmlemeyi sa\u011flar:<\/p>\n\n\n\n<p>&nbsp;&nbsp;&nbsp;&nbsp;&nbsp;&nbsp;&nbsp;&nbsp;&nbsp;&nbsp;&nbsp;&nbsp;&nbsp;&nbsp; <strong>Galzu<\/strong> (Ka\u015flar\u0131n Dili)&nbsp;&nbsp;&nbsp;&nbsp;&nbsp;&nbsp;&nbsp;&nbsp; &nbsp;&nbsp;&nbsp;&nbsp;&nbsp;&nbsp;&nbsp;&nbsp;&nbsp;&nbsp;&nbsp;&nbsp;&nbsp;&nbsp; &#8211;&gt;&nbsp;&nbsp;&nbsp;&nbsp;&nbsp;&nbsp;&nbsp;&nbsp;&nbsp; G\u00f6kten gelenler, g\u00f6k soylular\u0131<\/p>\n\n\n\n<p>&nbsp;&nbsp;&nbsp;&nbsp;&nbsp;&nbsp;&nbsp;&nbsp;&nbsp;&nbsp;&nbsp;&nbsp;&nbsp;&nbsp; <strong>kal\u0131\u011f\/kal\u0131k <\/strong>(Eski T\u00fcrk\u00e7e)&nbsp;&nbsp;&nbsp;&nbsp;&nbsp;&nbsp;&nbsp;&nbsp;&nbsp;&nbsp;&nbsp;&nbsp;&nbsp;&nbsp; &#8211;&gt;&nbsp;&nbsp;&nbsp;&nbsp;&nbsp;&nbsp;&nbsp;&nbsp;&nbsp; g\u00f6k, sema<\/p>\n\n\n\n<p><em>Kurigalzu<\/em> ad\u0131n i\u00e7inde <em>Galzu<\/em> etnonimin bulundu\u011funu g\u00f6r\u00fcyoruz.<\/p>\n\n\n\n<p>Galzu ad\u0131n \u00f6n\u00fcndeki <em>Kuri<\/em> ise T\u00fcrk\u00e7e Dilimizde kori\/koru k\u00f6kleriyle ilintilenir:<\/p>\n\n\n\n<p>&nbsp;&nbsp;&nbsp;&nbsp;&nbsp;&nbsp;&nbsp;&nbsp;&nbsp;&nbsp;&nbsp;&nbsp;&nbsp;&nbsp; <strong>Kuri<\/strong> (Ka\u015flar\/Galzu)&nbsp;&nbsp;&nbsp;&nbsp;&nbsp;&nbsp;&nbsp;&nbsp;&nbsp;&nbsp;&nbsp;&nbsp;&nbsp;&nbsp;&nbsp;&nbsp;&nbsp;&nbsp;&nbsp;&nbsp;&nbsp;&nbsp;&nbsp;&nbsp; &#8211;&gt;&nbsp;&nbsp;&nbsp;&nbsp;&nbsp;&nbsp;&nbsp;&nbsp;&nbsp; <strong>Kori\/Kor\u0131\/Koru<\/strong> (Eski T\u00fcrk\u00e7e, Uygurca, Orta T\u00fcrk\u00e7e)<\/p>\n\n\n\n<p><em>Kurigalzu<\/em> bu durumda Galzu boyunu (Ka\u015flar\u0131) koruyan&nbsp; anlam\u0131na gelir:<\/p>\n\n\n\n<p><strong>Kurigalzu<\/strong> (Ka\u015flar\/Galzu)&nbsp;&nbsp;&nbsp;&nbsp;&nbsp;&nbsp;&nbsp;&nbsp;&nbsp;&nbsp;&nbsp;&nbsp;&nbsp;&nbsp; &#8211;&gt;&nbsp;&nbsp;&nbsp;&nbsp;&nbsp;&nbsp;&nbsp;&nbsp;&nbsp; <strong>G\u00f6kten gelenleri, g\u00f6k soylular\u0131 koruyan<\/strong><\/p>\n\n\n\n<p class=\"has-xsmall-font-size\"><strong>\u00a0\u00a0\u00a0\u00a0\u00a0\u00a0\u00a0\u00a0\u00a0\u00a0\u00a0\u00a0\u00a0\u00a0\u00a0\u00a0\u00a0\u00a0\u00a0\u00a0\u00a0\u00a0\u00a0\u00a0\u00a0\u00a0\u00a0\u00a0\u00a0\u00a0\u00a0\u00a0\u00a0\u00a0\u00a0\u00a0\u00a0\u00a0\u00a0\u00a0\u00a0\u00a0\u00a0\u00a0\u00a0\u00a0\u00a0\u00a0\u00a0\u00a0\u00a0\u00a0\u00a0\u00a0\u00a0\u00a0\u00a0\u00a0\u00a0\u00a0\u00a0\u00a0\u00a0\u00a0\u00a0\u00a0\u00a0\u00a0\u00a0\u00a0\u00a0\u00a0\u00a0\u00a0\u00a0\u00a0\u00a0\u00a0\u00a0\u00a0\u00a0\u00a0\u00a0\u00a0\u00a0\u00a0\u00a0\u00a0 Galzular\u0131n \u00e7oban\u0131 <\/strong>[Kemal Balkan, Kasitlerin Dili, 1954, 231]<\/p>\n\n\n\n<h1 class=\"wp-block-heading\">&nbsp;<\/h1>\n\n\n\n<h1 class=\"wp-block-heading\">3. Burnaburia\u015f\/Burraburia\u015f<\/h1>\n\n\n\n<p><\/p>\n\n\n\n<p><\/p>\n\n\n\n<p>Kemal Balkan Kasitler \u00fczerinde yapt\u0131\u011f\u0131 geni\u015f ara\u015ft\u0131rmas\u0131nda \u015furiya\u015f\/buria\u015f ile maratta\u015f s\u00f6zl\u00fcklerin s\u0131ras\u0131yla g\u00fcne\u015f (Sah), hava (Hutha) ile sava\u015f (Gidar) tanr\u0131lar\u0131n\u0131n takma adlar\u0131 oldu\u011funu belirtti. Yasalar\u0131 koyanlar ise g\u00fcne\u015f, yer yada sava\u015f tanr\u0131lar\u0131ndan ald\u0131klar\u0131 kut ile sadece topluma liderlik yapmakta kalmay\u0131p yery\u00fcz\u00fcnde tanr\u0131lardan g\u00f6rev al\u0131yorlard\u0131. Galzu krallar\u0131n g\u00fc\u00e7leri do\u011fadaki g\u00fc\u00e7lere dayan\u0131yor olmal\u0131yd\u0131. Dolay\u0131s\u0131yla adlar\u0131n da bu do\u011fal g\u00fc\u00e7leri yans\u0131tmas\u0131 tam yerindeydi. <\/p>\n\n\n\n<p>Bunun somut \u00f6rne\u011fi Burnaburya\u015f\/Burraburya\u015f ad\u0131nda kar\u015f\u0131m\u0131za \u00e7\u0131k\u0131yor. Burnaburya\u015f ad\u0131n\u0131 ta\u015f\u0131yan Galzu hanlar\u0131ndan Burnaburya\u015f I., \u0130\u00d6 1500 Galzular\u0131n Babil \u00fczerinde salt egemenliklerini sa\u011flad\u0131, Burnaburya\u015f II. ise M\u00d6 1359-1333 y\u0131llar\u0131 aras\u0131nda s\u00fcren h\u00fck\u00fcmdarl\u0131\u011f\u0131nda babas\u0131n\u0131n M\u0131s\u0131rl\u0131larla kurdu\u011fu iyi ili\u015fkileri s\u00fcrd\u00fcrmek istemi\u015f, ancak yeni Firavun Akhenaton\u2019dan (M\u00d6 1352-1334) bekledi\u011fi kar\u015f\u0131l\u0131\u011f\u0131 alamam\u0131\u015ft\u0131r.  Burnaburya\u015f\/Burraburya\u015f ad\u0131n bir yanda Hava tanr\u0131s\u0131 olarak an\u0131lan Yerin efendisi Burya\u015f \u00f6b\u00fcr yanda yine buri k\u00f6k\u00fcnden t\u00fcreyen Burna\/Burra s\u00f6zlerin birle\u015fiminden olu\u015ftu\u011funu g\u00f6r\u00fcyoruz.  <\/p>\n\n\n\n<p><\/p>\n\n\n\n<p>Yaz\u0131l\u0131\u015f bi\u00e7imleri <em>Bur-ya-a\u015f\/Bu-ri-za-a\u015f\/Ub-ri-ya-a\u015f<\/em> olan <em>Burya\u015f<\/em> s\u00f6z\u00fcn <em>Priya\u015f\/Briya\u015f<\/em> diye \u00f6t\u00fcmlenip<\/p>\n\n\n\n<p><em>bey<\/em> anlam\u0131na gelen <em>buri<\/em> ile yer anlam\u0131na gelen <em>ya\u015f<\/em> morfemlerinden olu\u015ftu\u011fu kay\u0131t edilmi\u015fti Kemal Balkan\u2019in ara\u015ft\u0131rmas\u0131nda.<\/p>\n\n\n\n<p class=\"has-xsmall-font-size\">[Kemal Balkan, Kassitelerin Dili, 1954, 104]<\/p>\n\n\n\n<p><\/p>\n\n\n\n<p>Burya\u015f &#8211;> buri + ya\u015f<\/p>\n\n\n\n<p><\/p>\n\n\n\n<p><em>Burna\/Burra<\/em> ise yine bey anlam\u0131ndaki <em>buri<\/em> k\u00f6k\u00fcyle ili\u015fkilendirilir.<\/p>\n\n\n\n<p>Galzular\u0131n S\u00fcmerlerlen s\u00fcrd\u00fcrd\u00fckleri yak\u0131n ili\u015fkileri hesaba katt\u0131\u011f\u0131m\u0131zda S\u00fcmercedeki \u2018bur\u2019 s\u00f6z\u00fc ba\u015fka bir yorum kap\u0131s\u0131 a\u00e7abilir bize.<\/p>\n\n\n\n<p>S\u00fcmerce: \u00a0\u00a0\u00a0\u00a0\u00a0\u00a0\u00a0\u00a0\u00a0\u00a0\u00a0\u00a0\u00a0\u00a0\u00a0\u00a0\u00a0\u00a0\u00a0\u00a0\u00a0\u00a0\u00a0\u00a0\u00a0 <strong>bur\u00a0\u00a0<em>\u00a0\u00a0\u00a0\u00a0\u00a0\u00a0\u00a0\u00a0\u00a0\u00a0\u00a0\u00a0\u00a0\u00a0\u00a0\u00a0\u00a0\u00a0\u00a0\u00a0 \u00a0\u00a0\u00a0\u00a0\u00a0\u00a0\u00a0\u00a0\u00a0\u00a0\u00a0\u00a0\u00a0\u00a0 <\/em><\/strong>&#8211; yetkili, rahip, \u0131\u015f\u0131mak, sunmak<\/p>\n\n\n\n<p>T\u00fcrk\u00e7e:&nbsp;&nbsp;&nbsp;&nbsp;&nbsp;&nbsp;&nbsp;&nbsp;&nbsp;&nbsp;&nbsp;&nbsp;&nbsp;&nbsp;&nbsp;&nbsp;&nbsp;&nbsp;&nbsp;&nbsp;&nbsp;&nbsp;&nbsp;&nbsp;&nbsp;&nbsp;&nbsp;&nbsp;&nbsp;&nbsp; <strong>burhan\/burkan<\/strong>&nbsp;&nbsp;&nbsp;&nbsp;&nbsp;&nbsp;&nbsp;&nbsp;&nbsp;&nbsp;&nbsp;&nbsp;&nbsp;&nbsp; &#8211; Buddha, \u0131\u015f\u0131\u011fa eri\u015fmis han, \u0131\u015f\u0131\u011f\u0131n han\u0131<\/p>\n\n\n\n<p>S\u00fcmerce<em> Bur<\/em> k\u00f6k\u00fcnde bulunan anlamlar <em>Burnaburya\u015f<\/em>\/<em>Burraburya\u015f<\/em>i\u00e7in \u015fu \u00e7\u00f6z\u00fcmlemeleri olas\u0131 k\u0131l\u0131yor:<\/p>\n\n\n\n<p>bur&nbsp;&nbsp;&nbsp;&nbsp;&nbsp;&nbsp;&nbsp;&nbsp;&nbsp;&nbsp;&nbsp;&nbsp;&nbsp;&nbsp;&nbsp;&nbsp;&nbsp;&nbsp;&nbsp;&nbsp;&nbsp;&nbsp;&nbsp; &nbsp;&nbsp;&nbsp;&nbsp;&nbsp;&nbsp;&nbsp;&nbsp;&nbsp;&nbsp;&nbsp;&nbsp;&nbsp;&nbsp;&nbsp;&nbsp;&nbsp;&nbsp;&nbsp;&nbsp;&nbsp;&nbsp;&nbsp;&nbsp;&nbsp;&nbsp;&nbsp;&nbsp;&nbsp; &#8211;&nbsp;&nbsp;&nbsp;&nbsp;&nbsp;&nbsp;&nbsp;&nbsp;&nbsp;&nbsp;&nbsp;&nbsp; bu\u011f, b\u00f6r\u00fc, bey<\/p>\n\n\n\n<p>ia\u015f\/ya\u015f&nbsp; &nbsp;&nbsp;&nbsp;&nbsp;&nbsp;&nbsp;&nbsp;&nbsp;&nbsp;&nbsp;&nbsp;&nbsp;&nbsp;&nbsp; &nbsp;&nbsp;&nbsp;&nbsp;&nbsp;&nbsp;&nbsp;&nbsp;&nbsp;&nbsp;&nbsp;&nbsp;&nbsp;&nbsp;&nbsp;&nbsp;&nbsp;&nbsp;&nbsp;&nbsp;&nbsp;&nbsp;&nbsp;&nbsp;&nbsp;&nbsp;&nbsp;&nbsp;&nbsp; &#8211;&nbsp;&nbsp;&nbsp;&nbsp;&nbsp;&nbsp;&nbsp;&nbsp;&nbsp;&nbsp;&nbsp;&nbsp; yer<\/p>\n\n\n\n<p>burnaburia\u015f\/burraburia\u015f&nbsp;&nbsp;&nbsp;&nbsp;&nbsp;&nbsp;&nbsp;&nbsp;&nbsp;&nbsp;&nbsp;&nbsp;&nbsp; &#8211;&nbsp;&nbsp;&nbsp;&nbsp;&nbsp;&nbsp;&nbsp;&nbsp;&nbsp;&nbsp;&nbsp;&nbsp; yer iyesinin rahibi\/yetkilisi<\/p>\n\n\n\n<p>\u00a0\u00a0\u00a0\u00a0\u00a0\u00a0\u00a0\u00a0\u00a0\u00a0\u00a0\u00a0\u00a0\u00a0\u00a0\u00a0\u00a0\u00a0\u00a0\u00a0\u00a0\u00a0\u00a0\u00a0\u00a0\u00a0\u00a0\u00a0\u00a0\u00a0\u00a0\u00a0\u00a0\u00a0\u00a0\u00a0\u00a0\u00a0\u00a0\u00a0\u00a0\u00a0\u00a0\u00a0\u00a0\u00a0\u00a0\u00a0\u00a0\u00a0\u00a0\u00a0\u00a0\u00a0\u00a0\u00a0\u00a0\u00a0\u00a0\u00a0\u00a0\u00a0\u00a0\u00a0\u00a0\u00a0\u00a0\u00a0\u00a0\u00a0\u00a0\u00a0\u00a0 yer iyesini \u0131\u015f\u0131tan\/koruyan<\/p>\n\n\n\n<figure class=\"wp-block-image size-large is-resized\"><img loading=\"lazy\" decoding=\"async\" src=\"http:\/\/mublog.net\/wp-content\/uploads\/2023\/02\/Burnabur_damga1-1024x418.png\" alt=\"\" class=\"wp-image-449\" width=\"790\" height=\"322\" srcset=\"https:\/\/mublog.net\/wp-content\/uploads\/2023\/02\/Burnabur_damga1-1024x418.png 1024w, https:\/\/mublog.net\/wp-content\/uploads\/2023\/02\/Burnabur_damga1-300x123.png 300w, https:\/\/mublog.net\/wp-content\/uploads\/2023\/02\/Burnabur_damga1-768x314.png 768w, https:\/\/mublog.net\/wp-content\/uploads\/2023\/02\/Burnabur_damga1-1536x628.png 1536w, https:\/\/mublog.net\/wp-content\/uploads\/2023\/02\/Burnabur_damga1-600x245.png 600w, https:\/\/mublog.net\/wp-content\/uploads\/2023\/02\/Burnabur_damga1.png 1566w\" sizes=\"(max-width: 790px) 100vw, 790px\" \/><\/figure>\n\n\n\n<h2 class=\"wp-block-heading\">4. Galzu Dilinden gelen baz\u0131 s\u00f6zlerin Altay T\u00fcrk Dilleri ile kar\u015f\u0131la\u015ft\u0131r\u0131lmas\u0131<\/h2>\n\n\n\n<p>Bilinen \u00f6z <em>Galzu<\/em> s\u00f6zlerinin say\u0131s\u0131 elliyi ge\u00e7miyor. Bu bak\u0131mdan burada sunulan s\u00f6z dizinin giri\u015f say\u0131s\u0131 onu bulmas\u0131 bile kar\u015f\u0131m\u0131zda \u00d6n-T\u00fcrk dili olabilece\u011fini g\u00f6steren g\u00fc\u00e7l\u00fc bir kan\u0131t olu\u015fturuyor.<\/p>\n\n\n\n<p>ba\u015f<\/p>\n\n\n\n<p>Galzu\/Ka\u015f: &nbsp;&nbsp;&nbsp;&nbsp;&nbsp;&nbsp;&nbsp;&nbsp;&nbsp;&nbsp;&nbsp;&nbsp;&nbsp;&nbsp;&nbsp;&nbsp;&nbsp;&nbsp;&nbsp;&nbsp;&nbsp;&nbsp;&nbsp; <strong><em>barhu<\/em><\/strong><\/p>\n\n\n\n<p>\u00d6n T\u00fcrk\u00e7e:&nbsp;&nbsp;&nbsp;&nbsp;&nbsp;&nbsp;&nbsp;&nbsp;&nbsp; &nbsp;&nbsp;&nbsp;&nbsp;&nbsp;&nbsp;&nbsp;&nbsp;&nbsp;&nbsp;&nbsp;&nbsp;&nbsp;&nbsp; <strong><em>ba<\/em><\/strong><strong><em>\u013a\u010d <\/em><\/strong><em>&nbsp;<\/em>(ba\u015f)<\/p>\n\n\n\n<p>korumak<\/p>\n\n\n\n<p>Galzu\/Ka\u015f: &nbsp;&nbsp;&nbsp;&nbsp;&nbsp;&nbsp;&nbsp;&nbsp;&nbsp;&nbsp;&nbsp;&nbsp;&nbsp;&nbsp;&nbsp;&nbsp;&nbsp;&nbsp;&nbsp;&nbsp;&nbsp;&nbsp;&nbsp; <strong><em>burna\/purna<\/em><\/strong><\/p>\n\n\n\n<p>T\u00fcrk\u00e7e:&nbsp;&nbsp;&nbsp;&nbsp;&nbsp;&nbsp;&nbsp;&nbsp;&nbsp;&nbsp;&nbsp;&nbsp;&nbsp;&nbsp;&nbsp; &nbsp;&nbsp;&nbsp;&nbsp;&nbsp;&nbsp;&nbsp;&nbsp;&nbsp;&nbsp;&nbsp;&nbsp;&nbsp;&nbsp; <strong><em>b\u00fcr\u00fcnmek <\/em><\/strong>(\u00f6rtmek,kapatmak )<\/p>\n\n\n\n<p>g\u00f6k<\/p>\n\n\n\n<p>Galzu\/Ka\u015f: &nbsp;&nbsp;&nbsp;&nbsp;&nbsp;&nbsp;&nbsp;&nbsp;&nbsp;&nbsp;&nbsp;&nbsp;&nbsp;&nbsp;&nbsp;&nbsp;&nbsp;&nbsp;&nbsp;&nbsp;&nbsp;&nbsp;&nbsp; <strong><em>da-gigi<\/em><\/strong><\/p>\n\n\n\n<p>T\u00fcrk\u00e7e:&nbsp;&nbsp;&nbsp;&nbsp;&nbsp;&nbsp;&nbsp;&nbsp;&nbsp;&nbsp;&nbsp;&nbsp;&nbsp;&nbsp;&nbsp; &nbsp;&nbsp;&nbsp;&nbsp;&nbsp;&nbsp;&nbsp;&nbsp;&nbsp;&nbsp;&nbsp;&nbsp;&nbsp;&nbsp; <strong><em>g\u00f6k\/k\u00f6k<\/em><\/strong><\/p>\n\n\n\n<p>y\u0131ld\u0131z<\/p>\n\n\n\n<p>Galzu\/Ka\u015f: &nbsp;&nbsp;&nbsp;&nbsp;&nbsp;&nbsp;&nbsp;&nbsp; &nbsp;&nbsp;&nbsp;&nbsp;&nbsp;&nbsp;&nbsp;&nbsp;&nbsp;&nbsp;&nbsp;&nbsp;&nbsp;&nbsp; <strong><em>da-ka\u0161<\/em><\/strong><em><\/em><\/p>\n\n\n\n<p>\u00d6n Altay:&nbsp;&nbsp;&nbsp;&nbsp;&nbsp;&nbsp;&nbsp;&nbsp;&nbsp;&nbsp;&nbsp;&nbsp; &nbsp;&nbsp;&nbsp;&nbsp;&nbsp;&nbsp;&nbsp;&nbsp;&nbsp;&nbsp;&nbsp;&nbsp;&nbsp;&nbsp; <strong><em>*k`\u016b\u0300\u010dV<\/em><\/strong><\/p>\n\n\n\n<p>T\u00fcrk\u00e7e:&nbsp;&nbsp;&nbsp;&nbsp;&nbsp;&nbsp;&nbsp;&nbsp;&nbsp;&nbsp;&nbsp;&nbsp;&nbsp;&nbsp;&nbsp; &nbsp;&nbsp;&nbsp;&nbsp;&nbsp;&nbsp;&nbsp;&nbsp;&nbsp;&nbsp;&nbsp;&nbsp;&nbsp;&nbsp; <strong><em>*Ku\u010d\u0268k<\/em><\/strong><em>&nbsp;&nbsp;&nbsp;&nbsp;&nbsp;&nbsp;&nbsp;&nbsp;&nbsp;&nbsp;&nbsp;&nbsp;&nbsp;&nbsp;&nbsp;&nbsp; <\/em>(Yenge\u00e7 tak\u0131my\u0131ld\u0131z\u0131)<\/p>\n\n\n\n<p><em><u>cennet<\/u><\/em><\/p>\n\n\n\n<p>Galzu\/Ka\u015f: &nbsp;&nbsp;&nbsp;&nbsp;&nbsp;&nbsp;&nbsp;&nbsp;&nbsp;&nbsp;&nbsp;&nbsp;&nbsp;&nbsp;&nbsp;&nbsp;&nbsp;&nbsp;&nbsp;&nbsp;&nbsp;&nbsp;&nbsp; <strong><em>ilulu<\/em><\/strong><\/p>\n\n\n\n<p>\u00d6n T\u00fcrk\u00e7e:&nbsp;&nbsp;&nbsp;&nbsp;&nbsp;&nbsp;&nbsp;&nbsp;&nbsp; &nbsp;&nbsp;&nbsp;&nbsp;&nbsp;&nbsp;&nbsp;&nbsp;&nbsp;&nbsp;&nbsp;&nbsp;&nbsp;&nbsp; <strong><em>*jul-du\u0155<\/em><\/strong><em> &nbsp;&nbsp;&nbsp;&nbsp;&nbsp;&nbsp;&nbsp;&nbsp;&nbsp;&nbsp;&nbsp;&nbsp;&nbsp; <\/em>(y\u0131ld\u0131z, parlayan)<\/p>\n\n\n\n<p>kul<\/p>\n\n\n\n<p>Galzu\/Ka\u015f: &nbsp;&nbsp;&nbsp;&nbsp;&nbsp;&nbsp;&nbsp;&nbsp;&nbsp;&nbsp;&nbsp;&nbsp;&nbsp;&nbsp;&nbsp;&nbsp;&nbsp;&nbsp;&nbsp;&nbsp;&nbsp;&nbsp;&nbsp; <strong><em>kukla<\/em><\/strong><\/p>\n\n\n\n<p>\u00d6n Altay:&nbsp;&nbsp;&nbsp;&nbsp;&nbsp;&nbsp;&nbsp;&nbsp;&nbsp;&nbsp;&nbsp;&nbsp; &nbsp;&nbsp;&nbsp;&nbsp;&nbsp;&nbsp;&nbsp;&nbsp;&nbsp;&nbsp;&nbsp;&nbsp;&nbsp;&nbsp; <strong><em>*k\u016b\u0300lV<\/em><\/strong><strong><em>&nbsp;&nbsp;&nbsp;<\/em><\/strong><\/p>\n\n\n\n<p>\u00d6n T\u00fcrk\u00e7e:&nbsp;&nbsp;&nbsp;&nbsp;&nbsp;&nbsp;&nbsp;&nbsp;&nbsp; &nbsp;&nbsp;&nbsp;&nbsp;&nbsp;&nbsp;&nbsp;&nbsp;&nbsp;&nbsp;&nbsp;&nbsp;&nbsp;&nbsp; <strong><em>*Kul, kul<\/em><\/strong><em>&nbsp;&nbsp;&nbsp; <\/em><em><\/em><\/p>\n\n\n\n<p>yer<\/p>\n\n\n\n<p>Galzu\/Ka\u015f: &nbsp;&nbsp;&nbsp;&nbsp;&nbsp;&nbsp;&nbsp;&nbsp;&nbsp;&nbsp;&nbsp;&nbsp;&nbsp;&nbsp;&nbsp;&nbsp;&nbsp;&nbsp;&nbsp;&nbsp;&nbsp;&nbsp;&nbsp; <strong><em>miri-ja\u0161<\/em><\/strong><em><\/em><\/p>\n\n\n\n<p>\u00d6n Altay:&nbsp;&nbsp;&nbsp;&nbsp;&nbsp;&nbsp;&nbsp;&nbsp;&nbsp;&nbsp;&nbsp;&nbsp; &nbsp;&nbsp;&nbsp;&nbsp;&nbsp;&nbsp;&nbsp;&nbsp;&nbsp;&nbsp;&nbsp;&nbsp;&nbsp;&nbsp; <strong><em>*m\u0101\u0301ro<\/em><\/strong><em>&nbsp;&nbsp;&nbsp;&nbsp;&nbsp;&nbsp;&nbsp;&nbsp;&nbsp;&nbsp;&nbsp;&nbsp;&nbsp;&nbsp;&nbsp;&nbsp; <\/em>(kum, kayal\u0131 toprak, batakl\u0131k)<\/p>\n\n\n\n<p>\u00d6n T\u00fcrk\u00e7e:&nbsp;&nbsp;&nbsp;&nbsp;&nbsp;&nbsp;&nbsp;&nbsp;&nbsp; &nbsp;&nbsp;&nbsp;&nbsp;&nbsp;&nbsp;&nbsp;&nbsp;&nbsp;&nbsp;&nbsp;&nbsp;&nbsp;&nbsp; <strong><em>*b\u014dr<\/em><\/strong><em>&nbsp;&nbsp;&nbsp;&nbsp;&nbsp;&nbsp;&nbsp;&nbsp;&nbsp;&nbsp;&nbsp;&nbsp;&nbsp;&nbsp;&nbsp;&nbsp;&nbsp;&nbsp;&nbsp;&nbsp; <\/em>(tebe\u015fir, toprak, kil)<\/p>\n\n\n\n<p>&nbsp;&nbsp;&nbsp;&nbsp;&nbsp;&nbsp;&nbsp;&nbsp;&nbsp;&nbsp;&nbsp;&nbsp;&nbsp;&nbsp;&nbsp;&nbsp;&nbsp;&nbsp;&nbsp;&nbsp;&nbsp;&nbsp;&nbsp;&nbsp;&nbsp;&nbsp;&nbsp;&nbsp;&nbsp; &nbsp;&nbsp;&nbsp;&nbsp;&nbsp;&nbsp;&nbsp;&nbsp;&nbsp;&nbsp;&nbsp;&nbsp;&nbsp;&nbsp; <strong>*<em>j\u1eb9r, yer<\/em>&nbsp;&nbsp;&nbsp;&nbsp;&nbsp;&nbsp;&nbsp;&nbsp;&nbsp;&nbsp;&nbsp;&nbsp;&nbsp;&nbsp;&nbsp;&nbsp;&nbsp;&nbsp;&nbsp;&nbsp;&nbsp;&nbsp;&nbsp;&nbsp;&nbsp;&nbsp;&nbsp;&nbsp; <\/strong><strong><em><\/em><\/strong><\/p>\n\n\n\n<p>g\u00fcne\u015f<\/p>\n\n\n\n<p>Galzu\/Ka\u015f: &nbsp;&nbsp;&nbsp;&nbsp;&nbsp;&nbsp;&nbsp;&nbsp;&nbsp;&nbsp;&nbsp;&nbsp;&nbsp;&nbsp;&nbsp;&nbsp;&nbsp;&nbsp;&nbsp;&nbsp;&nbsp;&nbsp;&nbsp; <strong><em>Sah, \u0160a<\/em><\/strong><em><\/em><\/p>\n\n\n\n<p>\u00d6n Altay:&nbsp;&nbsp;&nbsp;&nbsp;&nbsp;&nbsp;&nbsp;&nbsp;&nbsp;&nbsp;&nbsp;&nbsp; &nbsp;&nbsp;&nbsp;&nbsp;&nbsp;&nbsp;&nbsp;&nbsp;&nbsp;&nbsp;&nbsp;&nbsp;&nbsp;&nbsp; <strong><em>*si\u032f\u014f\u0300gu<\/em><\/strong><em>&nbsp;&nbsp; &nbsp;&nbsp;&nbsp;&nbsp;&nbsp;&nbsp;&nbsp;&nbsp;&nbsp;&nbsp;&nbsp;&nbsp;&nbsp;&nbsp; <\/em>(g\u00fcne\u015f, g\u00f6k)<\/p>\n\n\n\n<p>\u00d6n Tunguz\/:&nbsp;&nbsp;&nbsp;&nbsp;&nbsp;&nbsp; &nbsp;&nbsp;&nbsp;&nbsp;&nbsp;&nbsp;&nbsp;&nbsp;&nbsp;&nbsp;&nbsp;&nbsp;&nbsp;&nbsp; <strong><em>*sig\u016bn<\/em><\/strong><\/p>\n\n\n\n<p>&nbsp;&nbsp;&nbsp;&nbsp;&nbsp; Man\u00e7u<\/p>\n\n\n\n<p>Anadolu a\u011f\u0131z\u0131:&nbsp;&nbsp;&nbsp; &nbsp;&nbsp;&nbsp;&nbsp;&nbsp;&nbsp;&nbsp;&nbsp;&nbsp;&nbsp;&nbsp;&nbsp;&nbsp;&nbsp; <strong><em>\u015fak\u0131mak<\/em><\/strong>&nbsp; &nbsp;&nbsp;&nbsp;&nbsp;&nbsp;&nbsp;&nbsp;&nbsp;&nbsp;&nbsp;&nbsp; (ayd\u0131nlanmak, parlamak)<\/p>\n\n\n\n<p>T\u00fcrk\u00e7e:&nbsp;&nbsp;&nbsp;&nbsp;&nbsp;&nbsp;&nbsp;&nbsp;&nbsp;&nbsp;&nbsp;&nbsp;&nbsp;&nbsp;&nbsp; &nbsp;&nbsp;&nbsp;&nbsp;&nbsp;&nbsp;&nbsp;&nbsp;&nbsp;&nbsp;&nbsp;&nbsp;&nbsp;&nbsp; <strong><em>\u00e7a\u011f<\/em><\/strong>&nbsp;&nbsp;&nbsp;&nbsp;&nbsp;&nbsp;&nbsp;&nbsp;&nbsp;&nbsp;&nbsp;&nbsp;&nbsp;&nbsp;&nbsp;&nbsp;&nbsp;&nbsp;&nbsp;&nbsp;&nbsp; (g\u00fcne\u015f eskiden beri \u00e7a\u011f\u0131 belirler)<\/p>\n\n\n\n<p>Yakut\u00e7a:\u00a0\u00a0\u00a0\u00a0\u00a0\u00a0\u00a0\u00a0\u00a0\u00a0\u00a0\u00a0\u00a0 \u00a0\u00a0\u00a0\u00a0\u00a0\u00a0\u00a0\u00a0\u00a0\u00a0\u00a0\u00a0\u00a0\u00a0 <strong><em>sax<\/em><\/strong>\u00a0\u00a0\u00a0\u00a0\u00a0\u00a0\u00a0\u00a0\u00a0\u00a0\u00a0\u00a0\u00a0\u00a0\u00a0\u00a0\u00a0\u00a0\u00a0\u00a0\u00a0\u00a0\u00a0 (zaman, d\u00f6nem)<\/p>\n\n\n\n<p>ayak<\/p>\n\n\n\n<p>Galzu\/Ka\u015f: &nbsp;&nbsp;&nbsp;&nbsp;&nbsp;&nbsp;&nbsp;&nbsp;&nbsp;&nbsp;&nbsp;&nbsp;&nbsp;&nbsp;&nbsp;&nbsp;&nbsp;&nbsp;&nbsp;&nbsp;&nbsp;&nbsp;&nbsp; <strong><em>saribu<\/em><\/strong><em><\/em><\/p>\n\n\n\n<p>\u00d6n Altay:&nbsp;&nbsp;&nbsp;&nbsp;&nbsp;&nbsp;&nbsp;&nbsp;&nbsp;&nbsp;&nbsp;&nbsp; &nbsp;&nbsp;&nbsp;&nbsp;&nbsp;&nbsp;&nbsp;&nbsp;&nbsp;&nbsp;&nbsp;&nbsp;&nbsp;&nbsp; <strong><em>*\u010d`are<\/em><\/strong><em>&nbsp;&nbsp; &nbsp;&nbsp;&nbsp;&nbsp;&nbsp;&nbsp;&nbsp;&nbsp;&nbsp;&nbsp;&nbsp;&nbsp;&nbsp;&nbsp; <\/em>(yal\u0131nayak)<\/p>\n\n\n\n<p>Mo\u011folca:&nbsp;&nbsp;&nbsp;&nbsp;&nbsp;&nbsp;&nbsp;&nbsp;&nbsp;&nbsp;&nbsp; &nbsp;&nbsp;&nbsp;&nbsp;&nbsp;&nbsp;&nbsp;&nbsp;&nbsp;&nbsp;&nbsp;&nbsp;&nbsp;&nbsp; <strong><em>*\u010dira-ma<\/em><\/strong><em><\/em><\/p>\n\n\n\n<p>Tunguz:&nbsp;&nbsp;&nbsp;&nbsp;&nbsp;&nbsp;&nbsp;&nbsp;&nbsp;&nbsp;&nbsp;&nbsp;&nbsp;&nbsp; &nbsp;&nbsp;&nbsp;&nbsp;&nbsp;&nbsp;&nbsp;&nbsp;&nbsp;&nbsp;&nbsp;&nbsp;&nbsp;&nbsp; <strong><em>*\u010dara-ku<\/em><\/strong><em><\/em><\/p>\n\n\n\n<p>Kalm\u00fck<em>:&nbsp;&nbsp;&nbsp;&nbsp;&nbsp;&nbsp;&nbsp;&nbsp;&nbsp;&nbsp;&nbsp;&nbsp;&nbsp;&nbsp; &nbsp;&nbsp;&nbsp;&nbsp;&nbsp;&nbsp;&nbsp;&nbsp;&nbsp;&nbsp;&nbsp;&nbsp;&nbsp;&nbsp; <strong>\u010dirm<\/strong><\/em><\/p>\n\n\n\n<p>T\u00fcrk\u00e7e<em>:&nbsp;&nbsp;&nbsp;&nbsp;&nbsp;&nbsp;&nbsp;&nbsp;&nbsp;&nbsp;&nbsp;&nbsp;&nbsp;&nbsp;&nbsp; &nbsp;&nbsp;&nbsp;&nbsp;&nbsp;&nbsp;&nbsp;&nbsp;&nbsp;&nbsp;&nbsp;&nbsp;&nbsp;&nbsp; <strong>\u00e7ar\u0131k<\/strong>&nbsp;&nbsp;&nbsp;&nbsp;&nbsp;&nbsp;&nbsp;&nbsp;&nbsp;&nbsp;&nbsp;&nbsp;&nbsp;&nbsp;&nbsp;&nbsp;&nbsp;&nbsp;&nbsp;&nbsp; <\/em>(s\u0131\u011f\u0131r kellesinin deresinden yap\u0131lan ayakkab\u0131 &lt; \u00e7aruk)<em><\/em><\/p>\n\n\n\n<p>Anadolu a\u011f\u0131z\u0131:\u00a0\u00a0\u00a0 \u00a0\u00a0\u00a0\u00a0\u00a0\u00a0\u00a0\u00a0\u00a0\u00a0\u00a0\u00a0\u00a0\u00a0 <strong><em>\u00e7aruke<\/em><\/strong><em>\u00a0 <\/em>\u00a0\u00a0\u00a0\u00a0\u00a0\u00a0\u00a0\u00a0\u00a0\u00a0\u00a0\u00a0\u00a0\u00a0 (terlik, ayakkab\u0131)<em>\u00a0\u00a0\u00a0\u00a0\u00a0\u00a0\u00a0\u00a0\u00a0\u00a0\u00a0\u00a0\u00a0\u00a0\u00a0\u00a0\u00a0\u00a0\u00a0\u00a0\u00a0\u00a0\u00a0\u00a0\u00a0\u00a0\u00a0\u00a0 <\/em>\u00a0\u00a0\u00a0\u00a0\u00a0\u00a0\u00a0\u00a0\u00a0\u00a0\u00a0\u00a0\u00a0\u00a0<\/p>\n\n\n\n<p><\/p>\n\n\n\n<p class=\"has-xsmall-font-size\"><em> [\u0130urii Mosenkis; KASSITE: Nostratic or Sino-Caucasian?  &#8211; Tuncer G\u00f6lensoy;  T\u00fcrk\u00e7e S\u00f6zc\u00fcklerin K\u00f6ken Bilgisi S\u00f6zl\u00fc\u011f\u00fc]<\/em><\/p>\n\n\n\n<p><\/p>\n\n\n\n<p><\/p>\n\n\n\n<h2 class=\"wp-block-heading\">5. Sonu\u00e7<\/h2>\n\n\n\n<p><\/p>\n\n\n\n<p><\/p>\n\n\n\n<p>Kaynaklar&nbsp;Gud&nbsp; ile&nbsp;Guz(Ka\u015f)&nbsp;dillerin ortak yanlar\u0131n\u0131 g\u00f6steriyor.&nbsp;<\/p>\n\n\n\n<p>\u0130kisi de Sam\u00ee&nbsp;dil&nbsp;yap\u0131s\u0131nda olmamak \u00fczere biti\u015fken&nbsp;dillerin&nbsp;\u00f6zelliklerini ta\u015f\u0131yor.&nbsp;<\/p>\n\n\n\n<p>\u00d6n-T\u00fcrkler,&nbsp;Mezopotamya&#8217;da,&nbsp;S\u00fcmer&nbsp;\u00fclkesinden&nbsp;ba\u015flayarak,&nbsp;y\u00fczy\u0131llar&nbsp;boyunca&nbsp;ya\u015fam\u0131\u015flar,&nbsp;f\u0131rsat&nbsp;<\/p>\n\n\n\n<p>bulduk\u00e7a&nbsp;Sam\u00ee&nbsp;boylar\u0131na&nbsp;h\u00fckmetmi\u015fler,&nbsp;\u00f6nce,&nbsp;S\u00fcmer&nbsp;Gudea&nbsp;krall\u0131\u011f\u0131n\u0131,&nbsp;sonra&nbsp;Gud(Kut)&nbsp;krall\u0131\u011f\u0131n\u0131,&nbsp;<\/p>\n\n\n\n<p>daha&nbsp;sonra&nbsp;da&nbsp;Guz (Galzu, Ka\u015f)&nbsp;krall\u0131\u011f\u0131n\u0131&nbsp;kurmu\u015flard\u0131r.&nbsp;Son&nbsp;iki&nbsp;krall\u0131\u011f\u0131n&nbsp;egemenli\u011fi&nbsp;toplam&nbsp;yedi&nbsp;y\u00fczy\u0131l&nbsp;<\/p>\n\n\n\n<p>s\u00fcrm\u00fc\u015ft\u00fcr.&nbsp;<\/p>\n\n\n\n<p>Ka\u015f etnonimin asl\u0131 Galzu\u2019dur, eski T\u00fcrk\u00e7e kal\u0131\u011f, g\u00f6k ile ilgilidir.<\/p>\n\n\n\n<p>Burnaburia\u015f\/burraburia\u015f ad\u0131 i\u00e7in \u201eyer iyesinin rahibi\/yetkilisi\/yer iyesini \u0131\u015f\u0131tan\/koruyan\u201d diye \u00e7\u00f6z\u00fcmleme sunuldu. Rahip, yetkili, \u0131\u015f\u0131tan, koruyan semantik olarak birbirlerine yak\u0131n s\u00f6zlerdir.<\/p>\n\n\n\n<p>\u201eBuri\u201d k\u00f6k\u00fcnden burkan\/b\u00f6r\u00fc\/bu\u011f s\u00f6zlerine bir ba\u011f oldu\u011fu \u00f6ne s\u00fcr\u00fcld\u00fc.<\/p>\n\n\n\n<p><\/p>\n\n\n\n<p><\/p>\n\n\n\n<figure class=\"wp-block-image size-large is-resized\"><img loading=\"lazy\" decoding=\"async\" src=\"https:\/\/mublog.net\/wp-content\/uploads\/2023\/02\/Burnabur_damga2-1024x944.png\" alt=\"\" class=\"wp-image-451\" width=\"615\" height=\"567\" srcset=\"https:\/\/mublog.net\/wp-content\/uploads\/2023\/02\/Burnabur_damga2-1024x944.png 1024w, https:\/\/mublog.net\/wp-content\/uploads\/2023\/02\/Burnabur_damga2-300x277.png 300w, https:\/\/mublog.net\/wp-content\/uploads\/2023\/02\/Burnabur_damga2-768x708.png 768w, https:\/\/mublog.net\/wp-content\/uploads\/2023\/02\/Burnabur_damga2-1536x1416.png 1536w, https:\/\/mublog.net\/wp-content\/uploads\/2023\/02\/Burnabur_damga2-600x553.png 600w, https:\/\/mublog.net\/wp-content\/uploads\/2023\/02\/Burnabur_damga2.png 1640w\" sizes=\"(max-width: 615px) 100vw, 615px\" \/><\/figure>\n","protected":false},"excerpt":{"rendered":"<p>#GUR, #GUZ, #GUT, #GALZU, #KUR\u0130GALZU #KALI\u011e, #G\u00d6K #BURNABURYA\u015e, #BURYA\u015e, #BU\u011e, #BURHAN #KA\u015e, #KASS\u0130TE \u00d6ZET: Prof. Dr. Vecihe Hatipo\u011flu 1979 y\u0131l\u0131nda T\u00fcrkoloji Dergisi\u2019nde eski&nbsp;Mezopotamya&#8217;daki T\u00fcrk varl\u0131\u011f\u0131n\u0131&nbsp;g\u00f6sterdi\u011fi &#8220;T\u00fcrk Tarihinin Ba\u015flang\u0131c\u0131&#8221; adl\u0131 bilgilendirmesinden yola \u00e7\u0131karak Ka\u015flarda \u00d6n T\u00fcrklerin izlerine \u0131\u015f\u0131k tutuluyor. Ka\u015flar\u0131n Dilinden g\u00fcn\u00fcm\u00fcze gelmi\u015f s\u00f6zler Altay T\u00fcrk Dilleri ile kar\u015f\u0131la\u015ft\u0131r\u0131p bat\u0131 Avrupa\u2019da Kasit diye adland\u0131ran hanl\u0131\u011f\u0131n \u00f6n\u00fcne &#8230; <a title=\"k\u00f6k kal\u0131k teg u\u00e7suz t\u00fcps\u00fcz &#8211; g\u00f6k gibi u\u00e7suz bucaks\u0131z\" class=\"read-more\" href=\"https:\/\/mublog.net\/index.php\/2023\/02\/27\/kok-kalik-teg-ucsuz-tupsuz-gok-gibi-ucsuz-bucaksiz\/\" aria-label=\"More on k\u00f6k kal\u0131k teg u\u00e7suz t\u00fcps\u00fcz &#8211; g\u00f6k gibi u\u00e7suz bucaks\u0131z\">Devam\u0131n\u0131 oku<\/a><\/p>\n","protected":false},"author":2,"featured_media":447,"comment_status":"open","ping_status":"open","sticky":false,"template":"","format":"standard","meta":{"om_disable_all_campaigns":false,"_monsterinsights_skip_tracking":false,"_monsterinsights_sitenote_active":false,"_monsterinsights_sitenote_note":"","_monsterinsights_sitenote_category":0,"footnotes":""},"categories":[169,170,171,167,168],"tags":[166],"aioseo_notices":[],"_links":{"self":[{"href":"https:\/\/mublog.net\/index.php\/wp-json\/wp\/v2\/posts\/443"}],"collection":[{"href":"https:\/\/mublog.net\/index.php\/wp-json\/wp\/v2\/posts"}],"about":[{"href":"https:\/\/mublog.net\/index.php\/wp-json\/wp\/v2\/types\/post"}],"author":[{"embeddable":true,"href":"https:\/\/mublog.net\/index.php\/wp-json\/wp\/v2\/users\/2"}],"replies":[{"embeddable":true,"href":"https:\/\/mublog.net\/index.php\/wp-json\/wp\/v2\/comments?post=443"}],"version-history":[{"count":5,"href":"https:\/\/mublog.net\/index.php\/wp-json\/wp\/v2\/posts\/443\/revisions"}],"predecessor-version":[{"id":452,"href":"https:\/\/mublog.net\/index.php\/wp-json\/wp\/v2\/posts\/443\/revisions\/452"}],"wp:featuredmedia":[{"embeddable":true,"href":"https:\/\/mublog.net\/index.php\/wp-json\/wp\/v2\/media\/447"}],"wp:attachment":[{"href":"https:\/\/mublog.net\/index.php\/wp-json\/wp\/v2\/media?parent=443"}],"wp:term":[{"taxonomy":"category","embeddable":true,"href":"https:\/\/mublog.net\/index.php\/wp-json\/wp\/v2\/categories?post=443"},{"taxonomy":"post_tag","embeddable":true,"href":"https:\/\/mublog.net\/index.php\/wp-json\/wp\/v2\/tags?post=443"}],"curies":[{"name":"wp","href":"https:\/\/api.w.org\/{rel}","templated":true}]}}