{"id":395,"date":"2023-01-12T16:12:08","date_gmt":"2023-01-12T16:12:08","guid":{"rendered":"https:\/\/mublog.net\/?p=395"},"modified":"2024-01-05T15:17:25","modified_gmt":"2024-01-05T15:17:25","slug":"agac-su-gibidir","status":"publish","type":"post","link":"https:\/\/mublog.net\/index.php\/2023\/01\/12\/agac-su-gibidir\/","title":{"rendered":"A\u011eA\u00c7 SU G\u0130B\u0130DIR"},"content":{"rendered":"\n<p><\/p>\n\n\n\n<h2 class=\"alignwide\" id=\"header1\" style=\"font-size:32px\"><u>1.\tA\u011eA\u00c7 s\u00f6z\u00fcn k\u00f6keni \u00fczerinde<\/u><\/h2>\n\n\n\n<p><\/p>\n\n\n\n<p>T\u00fcrk\u00e7emizde -a\u00e7\/-e\u00e7 (= A\u00e7) ekleri var. Bunlar\u0131 nas\u0131l ne yo\u011funlukta kullan\u0131yoruz?<\/p>\n\n\n\n<p>\u00d6rne\u011fin <em>a\u011fa\u00e7<\/em> s\u00f6z\u00fcn -a\u00e7 ekinden t\u00fcredi\u011finin bilincinde miyiz?<\/p>\n\n\n\n<p>Prof. Dr. Vecihe Hatipo\u011flu 1972 y\u0131l\u0131nda okunmas\u0131 gereken &#8220;\u2018A\u011fa\u00e7\u2018 ve \u2018Su\u2018&#8221; adl\u0131 bir dil yaz\u0131s\u0131 yay\u0131nlad\u0131.<\/p>\n\n\n\n<p>Bu yaz\u0131da \u0131g &gt; ag &gt; ak k\u00f6kleri aras\u0131nda bi\u00e7im ile anlam yak\u0131nl\u0131klar\u0131n\u0131 g\u00f6sterip<\/p>\n\n\n\n<p>&#8220;akmak&#8221; ile &#8220;a\u011fmak&#8221; eylemleri aras\u0131nda da bi\u00e7im ile anlam birli\u011fi oldu\u011funu belirtiyor.<\/p>\n\n\n\n<p><em>&#8230; &#8220;a\u011fmak&#8221; eylemindeki tarih boyunca s\u00fcr\u00fcp gelen hem &#8220;y\u00fckselmek&#8221; hem de &#8220;inmek&#8221; anlamlar\u0131, iki ters y\u00f6ne gidi\u015fi birle\u015ftiren &#8220;su gibi kaymak&#8221; kavram\u0131yla yorumlanabilir.<\/em><\/p>\n\n\n\n<p><em>K\u0131saca &#8220;a\u011fmak&#8221; s\u00f6zc\u00fc\u011f\u00fc &#8220;y\u00fckselmek&#8221;, &#8220;inmek&#8221; kavramlar\u0131ndan \u00f6nce &#8220;su gibi kaymak, akmak&#8221; kavram\u0131n\u0131 vermi\u015f olmal\u0131d\u0131r.<\/em><\/p>\n\n\n\n<p class=\"has-xsmall-font-size\">Kaynak: HAT\u0130PO\u011eLU Vecihe, A\u011fa\u00e7 ve Su\u201d, T\u00fcrk Dili Ara\u015ft\u0131rmalar\u0131 Y\u0131ll\u0131\u011f\u0131 Belleten, s. 267-273, 1972<\/p>\n\n\n\n<p><\/p>\n\n\n\n<p>Burada &#8220;\u0131g&#8221; su diye anlamland\u0131r\u0131p &#8220;a\u011flamak&#8221; s\u00f6z\u00fcn de k\u00f6k\u00fcn\u00fc olu\u015fturuyor.<\/p>\n\n\n\n<p>&nbsp;&nbsp;&nbsp;&nbsp;&nbsp;&nbsp;&nbsp;&nbsp;&nbsp;&nbsp;&nbsp; \u0131g \u2013 la \u2013 mak &nbsp;&nbsp; = &nbsp;&nbsp;&nbsp;&nbsp;&nbsp;&nbsp;&nbsp;&nbsp; a\u011flamak<\/p>\n\n\n\n<p>B\u00f6ylece dil bilginimiz <em>\u0131g\/a\u011f<\/em> k\u00f6k\u00fcn\u00fc -a\u00e7 ekiyle birle\u015ftirerek <em>a\u011fa\u00e7<\/em> s\u00f6z\u00fcn t\u00fcredi\u011fini a\u00e7\u0131kl\u0131yor:<\/p>\n\n\n\n<p><em>\u0131g\/a\u011f &nbsp; <\/em>+ -a\u00e7&nbsp;&nbsp;&nbsp; =&nbsp;&nbsp;&nbsp;&nbsp;&nbsp;&nbsp;&nbsp;&nbsp;&nbsp; a\u011fa\u00e7<\/p>\n\n\n\n<p>A\u011fac\u0131n su gibi oldu\u011funu hem dilimize hem do\u011faya bak\u0131nca anl\u0131yoruz.<\/p>\n\n\n\n<p>Bir yandan hocam\u0131z &#8220;ya\u015f&#8221; k\u00f6k\u00fcn hem \u0131slak hem ye\u015fil anlam\u0131na geldi\u011fine parmak at\u0131yor.<\/p>\n\n\n\n<p>\u00d6te yandan a\u011fac\u0131n bulundu\u011fu yer de ya\u015f sulu bir yerdir. A\u011fa\u00e7lar susuz ya\u015fayamaz.<\/p>\n\n\n\n<p>K\u00f6klerinden ta dallar\u0131na kadar topra\u011f\u0131n suyunu \u00e7ekerek g\u00f6\u011fe do\u011fru uzuyorlar.<\/p>\n\n\n\n<p>A\u011fac\u0131n su gibi oldu\u011fu d\u00fc\u015f\u00fcncesini T\u00fcrklerin atalar\u0131 b\u00f6ylesine dillerine d\u00f6km\u00fc\u015fler.<\/p>\n\n\n\n<p>Bu y\u00fczden -A\u00e7 ekin i\u015flek olmad\u0131\u011f\u0131n\u0131 \u00f6ne s\u00fcrmek, ya\u015fam dolu T\u00fcrk\u00e7e dili a\u011fac\u0131n\u0131 kurutmak, T\u00fcrk\u00e7e dilin i\u015flek olmas\u0131na y\u00fcz \u00e7evirip i\u015flemesini engellemek demektir.<\/p>\n\n\n\n<p>Su verelim de ye\u015fersin.&nbsp;&nbsp;&nbsp;&nbsp;&nbsp;&nbsp;&nbsp;&nbsp;&nbsp;<\/p>\n\n\n\n<p><\/p>\n\n\n\n<h2 class=\"alignwide\" id=\"header1\" style=\"font-size:32px\"><u>2.\t-a\u00e7\/-e\u00e7 (= A\u00e7) eki \u00fczerinde<\/u><\/h2>\n\n\n\n<p><\/p>\n\n\n\n<p>Y\u00fcksek Okullar\u0131m\u0131z bizi bu konuda nas\u0131l e\u011fitiyor?<\/p>\n\n\n\n<p>Karab\u00fck \u00dcniversitesi\u2019nin \u201cT\u00fcrk Dili I\u201c adl\u0131 \u00f6\u011frencesinde yap\u0131m ekleri \u00fczerinde \u015f\u00f6yle bir bilgi veriliyor:<\/p>\n\n\n\n<p><em>+a\u00e7, +e\u00e7: &nbsp;&nbsp;&nbsp;&nbsp;&nbsp;&nbsp;&nbsp; Benzerlik ve ilgi ifade eden i\u015flek olmayan bir ektir.<\/em><\/p>\n\n\n\n<p>Ba\u015fka bir yap\u0131m ekine ge\u00e7meden \u00f6nce hi\u00e7 olmazsa iki \u00f6rnek verildi bu <em>+a\u00e7, +e\u00e7 <\/em>eki ile:<\/p>\n\n\n\n<p>top <em>+ a\u00e7 &nbsp;&nbsp;&nbsp;&nbsp;&nbsp;&nbsp;&nbsp;&nbsp;&nbsp; &#8211;&gt;<\/em>&nbsp;&nbsp;&nbsp;&nbsp;&nbsp;&nbsp; topa\u00e7<\/p>\n\n\n\n<p>k\u0131r <em>+ a\u00e7 <\/em>&nbsp;&nbsp;&nbsp;&nbsp;&nbsp;&nbsp;&nbsp;&nbsp;&nbsp;&nbsp; &#8211;&gt;&nbsp;&nbsp;&nbsp;&nbsp;&nbsp;&nbsp; k\u0131ra\u00e7<\/p>\n\n\n\n<p>Bu yap\u0131m eki &#8220;i\u015flek olamayan bir ek&#8221; imi\u015f.<\/p>\n\n\n\n<p>Ne demek bu? \u00d6nemsemeyecek miyiz? \u00c7ok az m\u0131 kullan\u0131l\u0131yor?<\/p>\n\n\n\n<p>B\u00f6yle savlar y\u00fcr\u00fcterek mi T\u00fcrk\u00e7e Dili \u00f6\u011fretilir?<\/p>\n\n\n\n<p>Hangi verilere dayanarak i\u015flek olmad\u0131\u011f\u0131 anla\u015f\u0131lm\u0131\u015ft\u0131r?<\/p>\n\n\n\n<p>\u015eu g\u00fczelim<em> a\u011fa\u00e7 <\/em>s\u00f6z\u00fcne bakm\u0131\u015flar m\u0131d\u0131r, bu kutlu s\u00f6z\u00fcm\u00fczde bu -a\u00e7 ekin i\u015fledi\u011fini biliyorlar m\u0131 bu yarg\u0131\u00e7lar?<\/p>\n\n\n\n<p>Bu mu dil devrimden ald\u0131\u011f\u0131m\u0131z birikimler?<\/p>\n\n\n\n<p>B\u00f6yle as\u0131ls\u0131z savlar\u0131n amac\u0131 ne olabilir?<\/p>\n\n\n\n<p>T\u00fcrk\u00e7e Dilimizin do\u011furganl\u0131\u011f\u0131n\u0131, \u00fcretkenli\u011fini bize unutturmak.<\/p>\n\n\n\n<p>Bu tutum tek -a\u00e7\/-e\u00e7 eki kar\u015f\u0131s\u0131nda g\u00f6sterilmiyor. Hemen hemen t\u00fcm eklerimiz kullan\u0131lmad\u0131\u011f\u0131 ya da kullan\u0131lma\u011fa de\u011fer olmad\u0131\u011f\u0131 d\u00fc\u015f\u00fcncesi a\u015f\u0131lan\u0131yor topluma.<\/p>\n\n\n\n<p>T\u00fcrk\u00e7enin ekleri onun y\u00fcre\u011fidir, onu solutan, ona can, g\u00fc\u00e7 veren y\u00fckselte\u00e7lerdir.<\/p>\n\n\n\n<p>\u015eimdi bu A\u00e7 ekin ba\u015f d\u00f6nd\u00fcr\u00fcc\u00fc i\u015flekli\u011fine bir g\u00f6z atal\u0131m.<\/p>\n\n\n\n<p><\/p>\n\n\n\n<p><\/p>\n\n\n\n<h2 class=\"alignwide\" id=\"header1\" style=\"font-size:32px\"><u>3.\tAddan ad yapan +A\u00e7 ekinden t\u00fcreyen s\u00f6zc\u00fcklere \u00f6rnekler<\/u><\/h2>\n\n\n\n<p><\/p>\n\n\n\n<p><br>Kaynaklar:<\/p>\n\n\n\n<p class=\"has-xsmall-font-size\"><em>TDK<\/em><\/p>\n\n\n\n<p class=\"has-xsmall-font-size\"><em>T\u00fcrk\u00e7enin Ekleri (1974); <strong>Prof. Dr. Vecihe Hatipo\u011flu<\/strong><\/em><\/p>\n\n\n\n<p><\/p>\n\n\n\n<p><\/p>\n\n\n\n<p><em>a\u011f\/\u0131\u011f<\/em> +A\u00e7 &nbsp;&nbsp;&nbsp;&nbsp;&nbsp;&nbsp; &#8211;&gt; &nbsp;&nbsp;&nbsp;&nbsp;&nbsp; <strong><em>a\u011fa\u00e7<\/em><\/strong><\/p>\n\n\n\n<p><em>al\u0131n <\/em>+A\u00e7 &nbsp;&nbsp;&nbsp;&nbsp;&nbsp;&nbsp;&nbsp;&nbsp;&nbsp; &#8211;&gt;&nbsp;&nbsp;&nbsp;&nbsp;&nbsp;&nbsp; <strong><em>alna\u00e7<\/em><\/strong>&nbsp; (\u00f6n, y\u00fcz, kar\u015f\u0131, al\u0131n)<\/p>\n\n\n\n<p><em>ana<\/em> +A\u00e7 &nbsp;&nbsp;&nbsp;&nbsp;&nbsp;&nbsp;&nbsp;&nbsp;&nbsp; &#8211;&gt; &nbsp;&nbsp;&nbsp;&nbsp;&nbsp; <strong><em>ana\u00e7<\/em><\/strong><\/p>\n\n\n\n<ol type=\"A\">\n<li>DLT: k\u00fc\u00e7\u00fckken anne gibi davran\u0131\u015flarda bulunan k\u0131z; ana gibi<\/li>\n<li>birka\u00e7 kez yavru vermi\u015f ya da yavru verecek duruma gelmi\u015f olan hayvan <\/li>\n<li>meyve vermi\u015f ya da verecek duruma gelmi\u015f olan (a\u011fa\u00e7).<\/li>\n<li>\u00e7ok \u015fey bilen, deneyimli (kad\u0131n), iri, ya\u015fl\u0131<\/li>\n<\/ol>\n\n\n\n<p><\/p>\n\n\n\n<p><em>ara<\/em>&nbsp; +&nbsp; A\u00e7 &nbsp;&nbsp;&nbsp;&nbsp;&nbsp;&nbsp;&nbsp;&nbsp;&nbsp;&nbsp;&nbsp;&nbsp;&nbsp;&nbsp;&nbsp;&nbsp;&nbsp;&nbsp; &#8211;&gt;&nbsp;&nbsp;&nbsp;&nbsp;&nbsp;&nbsp; <strong><em>ara\u00e7<\/em><\/strong><\/p>\n\n\n\n<p><em>arga<\/em>&nbsp; +&nbsp; A\u00e7 &nbsp;&nbsp;&nbsp;&nbsp;&nbsp;&nbsp;&nbsp;&nbsp;&nbsp;&nbsp;&nbsp;&nbsp;&nbsp;&nbsp;&nbsp;&nbsp; &#8211;&gt;&nbsp;&nbsp;&nbsp;&nbsp;&nbsp;&nbsp; <strong><em>arga\u00e7<\/em><\/strong><\/p>\n\n\n\n<ul type=\"A\">\n<li>dokuma tezg\u00e2hlar\u0131nda enine at\u0131lan arkadaki iplik<\/li>\n<\/ul>\n\n\n\n<p><em>ata<\/em> +A\u00e7 &nbsp;&nbsp;&nbsp;&nbsp;&nbsp;&nbsp;&nbsp;&nbsp;&nbsp; &nbsp;&nbsp;&nbsp;&nbsp;&nbsp;&nbsp;&nbsp;&nbsp;&nbsp;&nbsp;&nbsp; &#8211;&gt; &nbsp;&nbsp;&nbsp;&nbsp;&nbsp; <strong><em>ata\u00e7<\/em><\/strong><\/p>\n\n\n\n<ol type=\"A\">\n<li>b\u00fcy\u00fckl\u00fck g\u00f6steren \u00e7ocuk<\/li>\n\n\n\n<li>ata gibi,&nbsp; baba gibi<\/li>\n\n\n\n<li>atalardan gelen<\/li>\n<\/ol>\n\n\n\n<p><em>baba<\/em> +A\u00e7 &nbsp;&nbsp;&nbsp;&nbsp;&nbsp;&nbsp;&nbsp; &nbsp;&nbsp;&nbsp;&nbsp;&nbsp;&nbsp;&nbsp;&nbsp;&nbsp;&nbsp;&nbsp; &#8211;&gt; &nbsp;&nbsp;&nbsp;&nbsp;&nbsp; <strong><em>baba\u00e7<\/em><\/strong><\/p>\n\n\n\n<ul type=\"A\">\n<li>erkek k\u00fcmes hayvanlar\u0131n\u0131n ya da ku\u015flar\u0131n en iri ve ya\u015fl\u0131 olan\u0131.<br><i>&#8220;Baba\u00e7 bir horoz b\u00fct\u00fcn k\u00fcmesi korkutuyor&#8221;<\/i><\/li>\n<\/ul>\n\n\n\n<p><\/p>\n\n\n\n<p><em>bak\u0131r<\/em> +A\u00e7 &nbsp;&nbsp;&nbsp;&nbsp;&nbsp;&nbsp;&nbsp;&nbsp;&nbsp;&nbsp;&nbsp;&nbsp;&nbsp;&nbsp;&nbsp;&nbsp;&nbsp;&nbsp; &#8211;&gt; &nbsp;&nbsp;&nbsp;&nbsp;&nbsp; <strong><em>bak\u0131ra\u00e7<\/em><\/strong><em> &nbsp;<\/em>(bak\u0131rdan yap\u0131lan kova bi\u00e7imindeki kap)<\/p>\n\n\n\n<p><em>boz<\/em> (gri renk) +A\u00e7&nbsp;&nbsp;&nbsp;&nbsp;&nbsp;&nbsp; &#8211;&gt;&nbsp;&nbsp;&nbsp;&nbsp;&nbsp;&nbsp; <strong><em>boza\u00e7<\/em><\/strong> (boza yak\u0131n)<\/p>\n\n\n\n<p><em>da\u011f <\/em>+ l\u0131&nbsp;+ \u00e7 &nbsp;&nbsp;&nbsp;&nbsp;&nbsp;&nbsp;&nbsp;&nbsp;&nbsp;&nbsp;&nbsp;&nbsp;&nbsp;&nbsp;&nbsp; &#8211;&gt; &nbsp;&nbsp;&nbsp;&nbsp;&nbsp; <strong><em>da\u011fl\u0131\u00e7<\/em><\/strong>(eti be\u011fenilen bir koyun cinsi)<\/p>\n\n\n\n<p><em>d\u00f6v <\/em>&nbsp;+ A\u00e7 &nbsp;&nbsp;&nbsp;&nbsp;&nbsp;&nbsp;&nbsp;&nbsp;&nbsp;&nbsp;&nbsp;&nbsp;&nbsp;&nbsp;&nbsp;&nbsp;&nbsp;&nbsp;&nbsp; &#8211;&gt; &nbsp;&nbsp;&nbsp;&nbsp;&nbsp; <strong><em>d\u00f6ve\u00e7<\/em><\/strong>(a\u011fa\u00e7tan havan eli)<\/p>\n\n\n\n<p><em>d\u00fcz <\/em>&nbsp;+ A\u00e7 &nbsp;&nbsp;&nbsp;&nbsp;&nbsp;&nbsp;&nbsp;&nbsp;&nbsp;&nbsp;&nbsp;&nbsp;&nbsp;&nbsp;&nbsp;&nbsp;&nbsp;&nbsp;&nbsp; &#8211;&gt; &nbsp;&nbsp;&nbsp;&nbsp;&nbsp; <strong><em>d\u00fcze\u00e7<\/em><\/strong>(bir d\u00fczeyin yatayl\u0131\u011f\u0131n\u0131 anlamaya yarayan ayg\u0131t)<\/p>\n\n\n\n<p><em>g\u00fcn <\/em>&nbsp;+ A\u00e7 &nbsp;&nbsp;&nbsp;&nbsp;&nbsp;&nbsp;&nbsp;&nbsp;&nbsp;&nbsp;&nbsp;&nbsp;&nbsp;&nbsp;&nbsp;&nbsp;&nbsp;&nbsp;&nbsp; &#8211;&gt; &nbsp;&nbsp;&nbsp;&nbsp;&nbsp; <strong><em>g\u00fcne\u00e7<\/em><\/strong><em> <\/em>(g\u00fcne\u015f alan yer)<\/p>\n\n\n\n<p><em>kak <\/em>&nbsp;+ A\u00e7 &nbsp;&nbsp;&nbsp;&nbsp;&nbsp;&nbsp;&nbsp;&nbsp;&nbsp;&nbsp;&nbsp;&nbsp;&nbsp;&nbsp;&nbsp;&nbsp;&nbsp;&nbsp;&nbsp; &#8211;&gt; &nbsp;&nbsp;&nbsp;&nbsp;&nbsp; <strong><em>kaka\u00e7<\/em><\/strong>(kurutulmu\u015f g\u00fcl, bal\u0131k ya da et)<\/p>\n\n\n\n<p><em>k\u0131r<\/em> (ye\u015fillik yer) + A\u00e7&nbsp;&nbsp; &#8211;&gt;&nbsp; &nbsp;&nbsp;&nbsp;&nbsp;&nbsp; <strong><em>k\u0131ra\u00e7<\/em><\/strong> (kurak yer, susuz verimsiz toprak )<\/p>\n\n\n\n<p><em>k\u00fcp<\/em> + A\u00e7&nbsp;&nbsp;&nbsp;&nbsp;&nbsp;&nbsp;&nbsp;&nbsp;&nbsp; &nbsp;&nbsp;&nbsp;&nbsp;&nbsp;&nbsp;&nbsp;&nbsp;&nbsp;&nbsp;&nbsp; &#8211;&gt;&nbsp; &nbsp;&nbsp;&nbsp;&nbsp;&nbsp; <strong><em>k\u00fcpe\u00e7<\/em><\/strong> (k\u00fc\u00e7\u00fck k\u00fcp )<\/p>\n\n\n\n<p><em>orta<\/em> + A\u00e7&nbsp;&nbsp;&nbsp;&nbsp;&nbsp;&nbsp;&nbsp;&nbsp; &nbsp;&nbsp;&nbsp;&nbsp;&nbsp;&nbsp;&nbsp;&nbsp;&nbsp;&nbsp;&nbsp; &#8211;&gt;&nbsp; &nbsp;&nbsp;&nbsp;&nbsp;&nbsp; <strong><em>orta\u00e7<\/em><\/strong><\/p>\n\n\n\n<ol type=\"A\">\n<li>ada<\/li>\n\n\n\n<li>ortak \u00f6zellik ta\u015f\u0131yan<\/li>\n\n\n\n<li>t\u00fcmle\u00e7 alabilen ad ya da s\u0131fat olarak kullan\u0131lan eylemsi (ing. participle)<\/li>\n<\/ol>\n\n\n\n<p><em>tok<\/em> + A\u00e7&nbsp;&nbsp;&nbsp;&nbsp;&nbsp;&nbsp;&nbsp;&nbsp;&nbsp;&nbsp; &nbsp;&nbsp;&nbsp;&nbsp;&nbsp;&nbsp;&nbsp;&nbsp;&nbsp;&nbsp;&nbsp; &#8211;&gt;&nbsp; &nbsp;&nbsp;&nbsp;&nbsp;&nbsp; <strong><em>toka\u00e7<\/em><\/strong> (\u00e7ama\u015f\u0131r tokma\u011f\u0131 )<\/p>\n\n\n\n<p><em>top<\/em> + A\u00e7&nbsp;&nbsp;&nbsp;&nbsp;&nbsp;&nbsp;&nbsp;&nbsp;&nbsp; &nbsp;&nbsp;&nbsp;&nbsp;&nbsp;&nbsp;&nbsp;&nbsp;&nbsp;&nbsp;&nbsp; &#8211;&gt;&nbsp; &nbsp;&nbsp;&nbsp;&nbsp;&nbsp; <strong><em>topa\u00e7<\/em><\/strong> (top gibi bir t\u00fcr oyuncak)<\/p>\n\n\n\n<p><em>yan<\/em> +A\u00e7&nbsp;&nbsp;&nbsp;&nbsp;&nbsp;&nbsp;&nbsp;&nbsp;&nbsp;&nbsp; &nbsp;&nbsp;&nbsp;&nbsp;&nbsp;&nbsp;&nbsp;&nbsp;&nbsp;&nbsp;&nbsp; &#8211;&gt;&nbsp;&nbsp;&nbsp;&nbsp;&nbsp;&nbsp; <strong><em>yama\u00e7<\/em><\/strong><\/p>\n\n\n\n<ol type=\"A\">\n<li>da\u011f\u0131n, tepenin ya da deniz, akarsu gibi bir suyun herhangi bir yan\u0131<br><i>&#8220;Irma\u011f\u0131n yamac\u0131na ge\u00e7ecek k\u00f6pr\u00fc yoktu&#8221;<\/i><\/li>\n<li>alna\u00e7, kar\u015f\u0131, \u00f6n. <i>&#8220;\u00c7ocuk, babas\u0131n\u0131n yamac\u0131na gelip durdu&#8221;<\/i><\/li>\n<\/ol>\n\n\n\n<p><em>yel<\/em> + A\u00e7&nbsp;&nbsp;&nbsp;&nbsp;&nbsp;&nbsp;&nbsp;&nbsp;&nbsp;&nbsp; &#8211;&gt;&nbsp;&nbsp;&nbsp;&nbsp;&nbsp;&nbsp; <strong><em>yele\u00e7<\/em><\/strong>(da\u011flar\u0131n, tepelerin her zaman yel tutan y\u00fcksek yerleri)<\/p>\n\n\n\n<p><em>yol<\/em> + A\u00e7 &nbsp;&nbsp;&nbsp;&nbsp;&nbsp;&nbsp;&nbsp;&nbsp;&nbsp; &#8211;&gt; &nbsp;&nbsp;&nbsp;&nbsp;&nbsp; <strong><em>yola\u00e7<\/em><\/strong>&nbsp;(Yol g\u00f6steren, k\u0131lavuz)<\/p>\n\n\n\n<p><\/p>\n\n\n\n<p><\/p>\n\n\n\n<h2 class=\"alignwide\" id=\"header1\" style=\"font-size:32px\"><u>4.\tEylemden ad yapan -A\u00e7 ekinden t\u00fcreyen s\u00f6zc\u00fcklere \u00f6rnekler<\/u><\/h2>\n\n\n\n<p><\/p>\n\n\n\n<p><\/p>\n\n\n\n<p><em>ak<\/em>&#8211; (akmak) + A\u00e7&nbsp;&nbsp;&nbsp;&nbsp;&nbsp;&nbsp;&nbsp;&nbsp;&nbsp;&nbsp;&nbsp;&nbsp;&nbsp;&nbsp;&nbsp;&nbsp;&nbsp;&nbsp;&nbsp; &#8211;&gt;&nbsp;&nbsp;&nbsp;&nbsp;&nbsp;&nbsp; <strong><em>aka\u00e7<\/em><\/strong> (s\u0131v\u0131lar\u0131 ak\u0131tmaya yarayan boru)<\/p>\n\n\n\n<p><em>ay\u0131r<\/em>&#8211; (ay\u0131rmak) + A\u00e7&nbsp;&nbsp;&nbsp;&nbsp;&nbsp;&nbsp;&nbsp;&nbsp;&nbsp;&nbsp;&nbsp;&nbsp;&nbsp;&nbsp;&nbsp; &#8211;&gt;&nbsp;&nbsp;&nbsp;&nbsp;&nbsp;&nbsp; <strong><em>ayra\u00e7<\/em><\/strong>\/<strong>ay\u0131ra\u00e7<\/strong><\/p>\n\n\n\n<ol type=\"A\">\n<li>ayra\u00e7: ay\u0131rma i\u015fine yarayan, parantez<\/li>\n\n\n\n<li>ay\u0131ra\u00e7; kimyasal i\u015flemlerde, olu\u015fturdu\u011fu tepkimelerle maddeleri bile\u015fime ya da ayr\u0131\u015f\u0131ma u\u011fratan, maddelerin niteliklerini belirtmede yararlan\u0131lan \u015fey.(miyar, reaktif)<\/li>\n\n\n\n<li>nitelik belirleyen, \u00f6l\u00e7\u00fc olabilen \u015fey. Ki\u015fide insan sevgisi bir ay\u0131ra\u00e7t\u0131r&#8221;<\/li>\n<\/ol>\n\n\n\n<p><em>belirt<\/em>&#8211; (belirte\u00e7) + A\u00e7&nbsp;&nbsp;&nbsp;&nbsp;&nbsp;&nbsp;&nbsp;&nbsp;&nbsp;&nbsp;&nbsp;&nbsp;&nbsp; &#8211;&gt;&nbsp;&nbsp;&nbsp;&nbsp;&nbsp;&nbsp; <strong><em>belirte\u00e7<\/em><\/strong> (zarf)<\/p>\n\n\n\n<p><em>ba\u011fla<\/em>&#8211; (ba\u011flamak) + A\u00e7&nbsp;&nbsp;&nbsp;&nbsp;&nbsp;&nbsp;&nbsp;&nbsp;&nbsp; &#8211;&gt;&nbsp;&nbsp;&nbsp;&nbsp;&nbsp;&nbsp; <strong><em>ba\u011fla\u00e7<\/em><\/strong><\/p>\n\n\n\n<ol type=\"A\">\n<li>Ve, veyahut, ile, bile, fakat, \u00e7\u00fcnk\u00fc, madem, ya&#8230;.. ya, gerek&#8230;.gerek, ne &#8230;&#8230;ne, hem de, ya da, ki .(ing. conjunction)<\/li>\n\n\n\n<li>\u0130letkenler aras\u0131nda elektriksel ba\u011f\u0131nt\u0131y\u0131 sa\u011flayan gere\u00e7. (ing. connector)<\/li>\n<\/ol>\n\n\n\n<p><em>bas<\/em>&#8211; (basmak)&nbsp;&nbsp;&nbsp;&nbsp;&nbsp;&nbsp;&nbsp;&nbsp;&nbsp;&nbsp;&nbsp;&nbsp;&nbsp;&nbsp;&nbsp;&nbsp;&nbsp;&nbsp;&nbsp;&nbsp;&nbsp;&nbsp;&nbsp; &#8211;&gt;&nbsp;&nbsp;&nbsp;&nbsp;&nbsp;&nbsp; <strong><em>basa\u00e7 <\/em><\/strong>&nbsp;<\/p>\n\n\n\n<ol type=\"A\">\n<li>\u00c7ama\u015f\u0131r\u0131 bast\u0131rmaya ve kar\u0131\u015ft\u0131rmaya yarayan de\u011fnek.<\/li>\n\n\n\n<li>Havay\u0131 s\u0131k\u0131\u015ft\u0131rarak bir bas\u0131n\u00e7 veren ayg\u0131t. <em>\u0130ng.<\/em>&nbsp;compressor<\/li>\n\n\n\n<li>1. Bir ak\u0131\u015fkan\u0131n bas\u0131nc\u0131n\u0131 b\u00fcy\u00fck oranda y\u00fckseltebilen, d\u00fc\u015f\u00fck verdili ayg\u0131t. 2. Lastik tekerlekli g\u00f6beklerin i\u00e7 tekerlek lasti\u011fini \u015fi\u015firmekte kullan\u0131lan ara\u00e7.<\/li>\n\n\n\n<li>Havay\u0131 s\u0131k\u0131\u015ft\u0131rarak bir bas\u0131n\u00e7 veren ayg\u0131t.<\/li>\n\n\n\n<li>1. Bir ak\u0131\u015fkan\u0131n bas\u0131nc\u0131n\u0131 b\u00fcy\u00fck oranda y\u00fckseltebilen, d\u00fc\u015f\u00fck verdili ayg\u0131t. 2. Lastik tekerlekli g\u00f6beklerin i\u00e7 tekerlek lasti\u011fini \u015fi\u015firmekte kullan\u0131lan ara\u00e7. <em>ing. pump<\/em><\/li>\n\n\n\n<li><em>Sinema<\/em>&nbsp;Al\u0131c\u0131, g\u00f6sterici ya da bas\u0131m ayg\u0131t\u0131nda, pencere \u00f6n\u00fcnden ge\u00e7en filme bas\u0131n\u00e7 yaparak pencereyle tam \u00e7ak\u0131\u015fmas\u0131n\u0131 sa\u011flayan yayl\u0131 y\u00fczey. ing. pressure plate<\/li>\n\n\n\n<li>1. genel uygulay\u0131m: Emme, basma ya da her iki yolla, gazlar\u0131 ve s\u0131v\u0131lar\u0131 y\u00fckse\u011fe \u00e7\u0131karmaya, bo\u015faltmaya, p\u00fcsk\u00fcrtme ya da aktarmaya yarayan ayg\u0131t. 2. Lastik tekerlekli, g\u00f6beklerin, i\u00e7 tekerlek lasti\u011fini \u015fi\u015firmekte kullan\u0131lan ara\u00e7. 3. T\u0131kanm\u0131\u015f bir boruyu a\u00e7maya yarayan ara\u00e7.<br><i>ing. pump<\/i><\/li>\n<\/ol>\n\n\n\n<p><\/p>\n\n\n\n<p><em>bo\u015falt<\/em>&#8211; (bo\u015faltmak) +A\u00e7&nbsp;&nbsp;&nbsp;&nbsp;&nbsp;&nbsp;&nbsp;&nbsp; &#8211;&gt;&nbsp;&nbsp;&nbsp;&nbsp;&nbsp;&nbsp; <strong><em>bo\u015falta\u00e7<\/em><\/strong><\/p>\n\n\n\n<ol type=\"A\">\n<li>Bir bo\u015fluk i\u00e7indeki havay\u0131 bo\u015faltmaya yarayan tulumba<br>bo\u015fluk\/bo\u015faltma tulumbas\u0131<\/li>\n<\/ol>\n\n\n\n<p><\/p>\n\n\n\n<p><em>b\u00fcy\u00fct<\/em>&#8211; (b\u00fcy\u00fctmek) +A\u00e7 &nbsp;&nbsp;&nbsp;&nbsp;&nbsp;&nbsp;&nbsp;&nbsp; &#8211;&gt;&nbsp;&nbsp;&nbsp;&nbsp;&nbsp;&nbsp; <strong><em>b\u00fcy\u00fcte\u00e7<\/em><\/strong><\/p>\n\n\n\n<ul>\n<li>Cisimleri b\u00fcy\u00fcterek g\u00f6steren alet, pertavs\u0131z, mercek<br><i>      &#8220;Onun hicvi, yaln\u0131zca g\u00f6r\u00fcnt\u00fcleri b\u00fcy\u00fcten bir b\u00fcy\u00fcte\u00e7 de\u011fil.&#8221; <\/i>&#8211; <b>Naz\u0131m Hikmet<\/b><\/li>\n<\/ul>\n\n\n\n<p><em>\u00e7ak\/\u00e7ek<\/em>&#8211; (\u00e7akmak\/\u00e7ekmek) + A\u00e7 &nbsp;&nbsp;&nbsp;&nbsp;&nbsp;&nbsp; &#8211;&gt;&nbsp;&nbsp;&nbsp;&nbsp;&nbsp;&nbsp; <strong><em>\u00e7eki\u00e7<\/em><\/strong><\/p>\n\n\n\n<ol type=\"A\">\n<li>Bir yan\u0131 vurmaya, \u00f6teki yan\u0131 \u00e7ivi \u00e7ekemeye yarayan ayg\u0131t<\/li>\n<\/ol>\n\n\n\n<p><em>\u00e7o\u011falt<\/em>&#8211; (\u00e7o\u011faltmak) + A\u00e7&nbsp;&nbsp;&nbsp;&nbsp;&nbsp;&nbsp;&nbsp; &#8211;&gt;&nbsp;&nbsp;&nbsp;&nbsp;&nbsp;&nbsp; <strong><em>\u00e7o\u011falta\u00e7<\/em><\/strong> (kopi makinesi)<\/p>\n\n\n\n<p><em>dikel<\/em>&#8211; (dikelmek) + A\u00e7&nbsp;&nbsp;&nbsp;&nbsp;&nbsp;&nbsp;&nbsp;&nbsp;&nbsp;&nbsp;&nbsp; &#8211;&gt;&nbsp;&nbsp;&nbsp;&nbsp;&nbsp;&nbsp; <strong><em>dikele\u00e7<\/em><\/strong> (fide dikerken kullan\u0131lan ucu sivri \u00e7ubuk)<\/p>\n\n\n\n<p><em>do\u011f<\/em>&#8211; (do\u011fmak) + A\u00e7&nbsp;&nbsp;&nbsp;&nbsp;&nbsp;&nbsp;&nbsp;&nbsp;&nbsp;&nbsp;&nbsp;&nbsp;&nbsp;&nbsp;&nbsp; &#8211;&gt;&nbsp;&nbsp;&nbsp;&nbsp;&nbsp;&nbsp; <strong><em>do\u011fa\u00e7<\/em><\/strong> (d\u00fc\u015f\u00fcn\u00fclmeksizin kendili\u011finden do\u011fan d\u00fc\u015f\u00fcnce)<\/p>\n\n\n\n<p><em>dolan<\/em>&#8211; (dolanmak) +A\u00e7&nbsp;&nbsp;&nbsp;&nbsp;&nbsp;&nbsp;&nbsp;&nbsp;&nbsp; &#8211;&gt;&nbsp;&nbsp;&nbsp;&nbsp;&nbsp;&nbsp; <strong><em>dolana\u00e7<\/em><\/strong><\/p>\n\n\n\n<ol type=\"A\">\n<li>Silindir bi\u00e7iminde bir enerji sarg\u0131s\u0131ndan ve sarg\u0131n\u0131n ekseni y\u00f6n\u00fcnde devinen bir g\u00f6bekten olu\u015fan elektrom\u0131knat\u0131s<\/li>\n<\/ol>\n\n\n\n<p>Alm. Kraftmagnet, Fra. sol\u00e9no\u00efde, ing. solenoid magnet<\/p>\n\n\n\n<p><em>d\u00f6n<\/em> (d\u00f6nmek) + A\u00e7 &nbsp;&nbsp;&nbsp;&nbsp;&nbsp;&nbsp;&nbsp;&nbsp;&nbsp;&nbsp;&nbsp;&nbsp;&nbsp;&nbsp;&nbsp; &#8211;&gt;&nbsp;&nbsp;&nbsp;&nbsp;&nbsp;&nbsp; <strong><em>d\u00f6ne\u00e7<\/em><\/strong><\/p>\n\n\n\n<ol type=\"A\">\n<li>dalgal\u0131 ak\u0131mla \u00e7al\u0131san elektrik motoru veya dinamoda devinimli k\u0131sma verilen ad \n<br><i>(ing. rotor)<\/i><\/li>\n<\/ol>\n\n\n\n<p><\/p>\n\n\n\n<p><em>dur<\/em> (durmak) + A\u00e7 &nbsp;&nbsp;&nbsp;&nbsp;&nbsp;&nbsp;&nbsp;&nbsp;&nbsp;&nbsp;&nbsp;&nbsp;&nbsp;&nbsp;&nbsp;&nbsp; &#8211;&gt;&nbsp;&nbsp;&nbsp;&nbsp;&nbsp;&nbsp; <strong><em>dura\u00e7<\/em><\/strong><\/p>\n\n\n\n<ol type=\"A\">\n<li>heykel, s\u00fctun gibi seylerin altma oturtulan par\u00e7a, ayak, taban.<\/li>\n<\/ol>\n\n\n\n<p><em>duyur<\/em>&#8211; (duyurmak) +A\u00e7&nbsp;&nbsp;&nbsp;&nbsp;&nbsp;&nbsp;&nbsp;&nbsp;&nbsp; &#8211;&gt;&nbsp;&nbsp;&nbsp;&nbsp;&nbsp;&nbsp; <strong><em>duyura\u00e7<\/em><\/strong> (hoparl\u00f6r)<\/p>\n\n\n\n<p><em>gerek<\/em>&#8211; (gerekmek) -A\u00e7 &nbsp;&nbsp;&nbsp;&nbsp;&nbsp;&nbsp;&nbsp;&nbsp;&nbsp; &#8211;&gt;&nbsp;&nbsp;&nbsp;&nbsp;&nbsp;&nbsp; <strong><em>gere\u00e7<\/em><\/strong><\/p>\n\n\n\n<ol type=\"A\">\n<li>bir \u015fey yapmak, bir yap\u0131 ortaya koymak, bir \u00fcr\u00fcn olu\u015fturmak<br>vb. i\u00e7in kullan\u0131lmas\u0131 gereken nesne ya da nesneler.\n<br><i>\n&#8220;Yazar, roman\u0131na gere\u00e7 olacak durumlar\u0131 not eder&#8221;<\/i><\/li>\n<\/ol>\n\n\n\n<p><\/p>\n\n\n\n<p><em>g\u00f6m<\/em>&#8211; (g\u00f6mmek) + A\u00e7 &nbsp;&nbsp;&nbsp;&nbsp;&nbsp;&nbsp;&nbsp;&nbsp;&nbsp;&nbsp;&nbsp; &#8211;&gt;&nbsp;&nbsp;&nbsp;&nbsp;&nbsp;&nbsp; <strong><em>g\u00f6me\u00e7 <\/em><\/strong>&nbsp;(petek g\u00f6zene\u011fi)<\/p>\n\n\n\n<p><em>g\u00f6ster<\/em>&#8211; (g\u00f6stermek) +A\u00e7&nbsp;&nbsp;&nbsp;&nbsp;&nbsp;&nbsp;&nbsp;&nbsp;&#8211;&gt;&nbsp;&nbsp;&nbsp;&nbsp;&nbsp;&nbsp; <strong><em>g\u00f6stere\u00e7<\/em><\/strong> (monit\u00f6r, ekran)<\/p>\n\n\n\n<p><em>g\u00fcl<\/em>&#8211; (g\u00fclmek) +A\u00e7 &nbsp;&nbsp;&nbsp;&nbsp;&nbsp;&nbsp;&nbsp;&nbsp;&nbsp;&nbsp;&nbsp;&nbsp;&nbsp;&nbsp;&nbsp;&nbsp;&nbsp; &#8211;&gt;&nbsp;&nbsp;&nbsp;&nbsp;&nbsp;&nbsp; <strong><em>g\u00fcle\u00e7<\/em><\/strong>&nbsp;&nbsp;<\/p>\n\n\n\n<ol type=\"A\">\n<li>Her zaman g\u00fcl\u00fcmseyen, m\u00fctebessim:<br>&nbsp;&nbsp;&nbsp;&nbsp;&nbsp;&nbsp;&#8220;<em>Biraz sonra geceki g\u00fcle\u00e7 memur, hafif kapal\u0131 g\u00f6zleriyle g\u00f6r\u00fcnd\u00fc.&#8221; &#8211;&nbsp;<\/em><strong>\u00c7etin Altan<\/strong><\/li>\n<\/ol>\n\n\n\n<p><em>ilet<\/em>&#8211; (iletmek)&nbsp; +A\u00e7&nbsp;&nbsp;&nbsp;&nbsp;&nbsp;&nbsp;&nbsp;&nbsp;&nbsp;&nbsp;&nbsp;&nbsp;&nbsp;&nbsp;&nbsp;&nbsp;&nbsp; &#8211;&gt;&nbsp;&nbsp;&nbsp;&nbsp;&nbsp;&nbsp; <strong><em>ilete\u00e7<\/em><\/strong> <\/p>\n\n\n\n<ul>\n<li>(kablo, elektrik ak\u0131m\u0131 iletiminde kullan\u0131lan ve yal\u0131tkan bir \u00f6zdekle sar\u0131l\u0131 bulunan tel.)<\/li>\n<\/ul>\n\n\n\n<p><em>imle<\/em>&#8211; (imlemek) +A\u00e7&nbsp;&nbsp;&nbsp;&nbsp;&nbsp;&nbsp;&nbsp;&nbsp;&nbsp;&nbsp;&nbsp;&nbsp;&nbsp;&nbsp; &#8211;&gt;&nbsp;&nbsp;&nbsp;&nbsp;&nbsp;&nbsp; <strong><em>imle\u00e7<\/em><\/strong><\/p>\n\n\n\n<ol type=\"A\">\n<li>Fiziksel bir olay\u0131 kendili\u011finden tespit edip \u00e7izen ara\u00e7, kaydedici.\n<br>bir olay\u0131 kendi kendine \u00e7izerek veya i\u015faretlerek g\u00f6steren ayg\u0131t.\n<br><i>(ing. recorder)<\/i>\n<\/li>\n<li><label style=\"color:orange\">bili\u015fim<\/label> Konumu genellikle klavye veya fare ile denetlenen, \n<br>ula\u015f\u0131lacak verinin yerini, yaz\u0131lacak veya d\u00fczeltilecek b\u00f6l\u00fcmleri g\u00f6steren i\u015faret\u00e7i.\n<br><i>(ing. cursor)<\/i>\n<\/li>\n<\/ol>\n\n\n\n<p><\/p>\n\n\n\n<p><em>in<\/em>&#8211; (inmek) + A\u00e7&nbsp;&nbsp;&nbsp;&nbsp;&nbsp;&nbsp;&nbsp;&nbsp;&nbsp;&nbsp;&nbsp;&nbsp;&nbsp;&nbsp;&nbsp;&nbsp;&nbsp;&nbsp;&nbsp;&nbsp;&nbsp; &#8211;&gt;&nbsp;&nbsp;&nbsp;&nbsp;&nbsp;&nbsp; <strong><em>ine\u00e7<\/em><\/strong> (yer katmanlar\u0131 k\u0131vr\u0131mlar\u0131n\u0131n ingin k\u0131sm\u0131, tekne)<\/p>\n\n\n\n<p><em>i\u015flet<\/em>&#8211; (i\u015fletmek) +A\u00e7&nbsp;&nbsp;&nbsp;&nbsp;&nbsp;&nbsp;&nbsp;&nbsp;&nbsp;&nbsp;&nbsp;&nbsp;&nbsp;&nbsp; &#8211;&gt;&nbsp;&nbsp;&nbsp;&nbsp;&nbsp;&nbsp; <strong><em>i\u015flete\u00e7<\/em><\/strong> (makine)<\/p>\n\n\n\n<p><em>kald\u0131r<\/em>&#8211; (kald\u0131rmak) + A\u00e7&nbsp;&nbsp;&nbsp;&nbsp;&nbsp;&nbsp;&nbsp;&nbsp;&nbsp; &#8211;&gt;&nbsp;&nbsp;&nbsp;&nbsp;&nbsp;&nbsp; <strong><em>kald\u0131ra\u00e7<\/em><\/strong><\/p>\n\n\n\n<ol type=\"A\">\n<li>bir deste\u011fe dayand\u0131ralarak sa\u011flanan g\u00fc\u00e7le esyan\u0131n kald\u0131r\u0131lmas\u0131na yarayan ayg\u0131t<\/li>\n<\/ol>\n\n\n\n<p><em>kayna<\/em>&#8211; (kaynamak) + A\u00e7&nbsp;&nbsp;&nbsp;&nbsp;&nbsp;&nbsp;&nbsp;&nbsp; &#8211;&gt;&nbsp;&nbsp;&nbsp;&nbsp;&nbsp;&nbsp; <strong><em>kayna\u00e7<\/em><\/strong><\/p>\n\n\n\n<ol type=\"A\">\n<li>zaman zaman etkinli\u011fe ge\u00e7en su kayna\u011f\u0131<br>Volkan b\u00f6lgelerinde, belli aral\u0131klarla su ve buhar f\u0131\u015fk\u0131rtan s\u0131cak kaynak, gayzer.<\/li>\n<\/ol>\n\n\n\n<p><\/p>\n\n\n\n<p><em>k\u0131nd\u0131r<\/em>&#8211; (k\u0131nd\u0131rmak) + A\u00e7&nbsp;&nbsp;&nbsp;&nbsp;&nbsp;&nbsp;&nbsp;&nbsp;&nbsp; &#8211;&gt;&nbsp;&nbsp;&nbsp;&nbsp;&nbsp;&nbsp; <strong><em>k\u0131nd\u0131ra\u00e7<\/em><\/strong><em>&nbsp; <\/em>(oluk ile yiv a\u00e7maya, oymaya yarayan ayg\u0131t)<\/p>\n\n\n\n<p><em>ko\u015f<\/em>&#8211; (ko\u015fmak) + A\u00e7&nbsp;&nbsp;&nbsp;&nbsp;&nbsp;&nbsp;&nbsp;&nbsp;&nbsp;&nbsp;&nbsp;&nbsp;&nbsp;&nbsp;&nbsp;&nbsp; &#8211;&gt;&nbsp;&nbsp;&nbsp;&nbsp;&nbsp;&nbsp; <strong><em>ko\u015fa\u00e7<\/em><\/strong><em>&nbsp;<\/em><\/p>\n\n\n\n<ol type=\"A\">\n<li>ba\u015fl\u0131 ba\u015f\u0131na bir anlam ta\u015f\u0131mayan, birlikte kullan\u0131ld\u0131\u011f\u0131 sozc\u00fcge olumluluk veya olumsuzluk,<br>s\u00fcrerlik, kesinlik, kuvvetli ihtimal kavramlar\u0131 veren s\u00f6zc\u00fck veya ek.\n<br>\n&#8216;G\u00fczeI degil; G\u00fczel olmu\u015ftur&#8217;&nbsp; \u00f6rneklerinde kullan\u0131lan &#8216;degil&#8217; s\u00f6zc\u00fc\u011f\u00fc ve -tur eki birer ko\u015fa\u00e7t\u0131r.<\/li>\n<\/ol>\n\n\n\n<p><\/p>\n\n\n\n<p><em>kurut<\/em>&#8211; (kurutmak) + A\u00e7&nbsp;&nbsp;&nbsp;&nbsp;&nbsp;&nbsp;&nbsp;&nbsp;&nbsp;&nbsp; &#8211;&gt;&nbsp;&nbsp;&nbsp;&nbsp;&nbsp;&nbsp; <strong><em>kuruta\u00e7&nbsp;<\/em><\/strong><\/p>\n\n\n\n<ol type=\"A\">\n<li>suyu veya nemi giderilmek istenilen \u015feylerin, i\u00e7ine kondu\u011fu kutu gibi ayg\u0131t<\/li>\n<\/ol>\n\n\n\n<p><em>pi\u015fir<\/em>&#8211; (pi\u015firmek) +A\u00e7&nbsp;&nbsp;&nbsp;&nbsp;&nbsp;&nbsp;&nbsp;&nbsp;&nbsp;&nbsp;&nbsp;&nbsp;&nbsp;&nbsp; &#8211;&gt;&nbsp;&nbsp;&nbsp;&nbsp;&nbsp;&nbsp; <strong><em>pi\u015fire\u00e7<\/em><\/strong><\/p>\n\n\n\n<p><em>sark<\/em>&#8211; (sarkmak) +A\u00e7 &nbsp;&nbsp;&nbsp;&nbsp;&nbsp;&nbsp;&nbsp;&nbsp;&nbsp;&nbsp;&nbsp;&nbsp;&nbsp; &#8211;&gt;&nbsp;&nbsp;&nbsp;&nbsp;&nbsp;&nbsp; <strong><em>sarka\u00e7<\/em><\/strong> (saat ve benzeri ayg\u0131tlarda sarkan ve sallanan cisim, rakkas.) <em><\/em><\/p>\n\n\n\n<p><em>sars<\/em>&#8211; (sarmak) +A\u00e7 &nbsp;&nbsp;&nbsp;&nbsp;&nbsp;&nbsp;&nbsp;&nbsp;&nbsp;&nbsp;&nbsp;&nbsp;&nbsp;&nbsp;&nbsp; &#8211;&gt;&nbsp;&nbsp;&nbsp;&nbsp;&nbsp;&nbsp; <strong><em>sarsa\u00e7<\/em><\/strong> (vibrat\u00f6r, titre\u015fim olu\u015fturan cihaz)<\/p>\n\n\n\n<p><em>say<\/em>&#8211; (saymak) +A\u00e7 &nbsp;&nbsp;&nbsp;&nbsp;&nbsp;&nbsp;&nbsp;&nbsp;&nbsp;&nbsp;&nbsp;&nbsp;&nbsp;&nbsp;&nbsp;&nbsp; &#8211;&gt;&nbsp;&nbsp;&nbsp;&nbsp;&nbsp;&nbsp; <strong><em>saya\u00e7<\/em><\/strong> <\/p>\n\n\n\n<ul>\n<li>(havagaz\u0131, elektrik , su gibi \u015feylerin kullan\u0131m\u0131ndaki \u00f6l\u00e7\u00fcy\u00fc g\u00f6steren ayg\u0131t)<\/li>\n<\/ul>\n\n\n\n<p><em>s\u0131rala<\/em>&#8211;&nbsp; (s\u0131ralamak) +A\u00e7&nbsp;&nbsp;&nbsp;&nbsp;&nbsp;&nbsp;&nbsp;&nbsp;&nbsp; &#8211;&gt;&nbsp;&nbsp;&nbsp;&nbsp;&nbsp;&nbsp; <strong><em>s\u0131rala\u00e7<\/em><\/strong><\/p>\n\n\n\n<ol type=\"A\">\n<li>dosya, klas\u00f6r<\/li>\n\n\n\n<li>i\u00e7inde belli bir s\u0131raya g\u00f6re ka\u011f\u0131tlar konabilecek b\u00f6l\u00fcmleri bulunan kap.<\/li>\n<\/ol>\n\n\n\n<p><em>sok<\/em>&#8211;&nbsp; (sokmak) +A\u00e7&nbsp;&nbsp;&nbsp;&nbsp;&nbsp;&nbsp;&nbsp;&nbsp;&nbsp;&nbsp;&nbsp;&nbsp;&nbsp;&nbsp;&nbsp;&nbsp; &#8211;&gt;&nbsp;&nbsp;&nbsp;&nbsp;&nbsp;&nbsp; <strong><em>soka\u00e7<\/em><\/strong> (ar\u0131 i\u011fnesi)<\/p>\n\n\n\n<p><em>s\u00fcr<\/em>&#8211; (s\u00fcrmek) + A\u00e7&nbsp;&nbsp;&nbsp;&nbsp;&nbsp; &nbsp;&nbsp;&nbsp;&nbsp;&nbsp;&nbsp;&nbsp;&nbsp;&nbsp;&nbsp;&nbsp; &#8211;&gt;&nbsp;&nbsp;&nbsp;&nbsp;&nbsp;&nbsp; <strong><em>s\u00fcre\u00e7<\/em><\/strong><\/p>\n\n\n\n<ol type=\"A\">\n<li>bir olay\u0131n ya da olaylar\u0131n, i\u015flemlerin belli bir sonuca do\u011fru gidi\u015fi, d\u00fczenli olarak<br>birbirini izleyen de\u011fi\u015fmelerle geli\u015fip olu\u015fmas\u0131.<br><i>&#8220;Kimi d\u00fc\u015f\u00fcn\u00fcrlere g\u00f6re evren akan bir s\u00fcre\u00e7tir&#8221;<\/i> <\/li>\n<li><b>FELSEFE TER\u0130M\u0130<\/b><br>belli bir sonuca ula\u015fan d\u00fc\u015f\u00fcnce ak\u0131\u015f\u0131.<\/li>\n<\/ol>\n\n\n\n<p><em>t\u0131k<\/em>&#8211; (t\u0131kmak) + A\u00e7&nbsp;&nbsp;&nbsp;&nbsp;&nbsp;&nbsp;&nbsp;&nbsp;&nbsp;&nbsp;&nbsp;&nbsp;&nbsp;&nbsp;&nbsp;&nbsp;&nbsp;&nbsp;&nbsp; &#8211;&gt;&nbsp;&nbsp;&nbsp;&nbsp;&nbsp;&nbsp; <strong><em>t\u0131ka\u00e7&nbsp;&nbsp;&nbsp; <\/em><\/strong><em>(<\/em>Az.&nbsp;<em>t\u0131xac)<\/em><\/p>\n\n\n\n<ol type=\"A\">\n<li>\u2018\u015fi\u015fe vb. dar delikleri t\u0131kamaya yarayan mantar, cam, tahta veya plastik tapa\u2019;&nbsp;<\/li>\n\n\n\n<li>\u2018trafi\u011fin ak\u0131\u015f\u0131na, hareketine engel olan durum, trafik s\u0131k\u0131\u015f\u0131kl\u0131\u011f\u0131\u2019;&nbsp;<\/li>\n\n\n\n<li>\u2018petrol kuyular\u0131nda borunun i\u00e7inde toplanarak pompan\u0131n \u00e7al\u0131\u015fmas\u0131na engel olan parafin benzeri kat\u0131 \u015fey\u2019<\/li>\n<\/ol>\n\n\n\n<p><em>topla<\/em>&#8211; (toplamak) + A\u00e7&nbsp;&nbsp;&nbsp;&nbsp;&nbsp;&nbsp;&nbsp;&nbsp;&nbsp;&nbsp; &#8211;&gt;&nbsp;&nbsp;&nbsp;&nbsp;&nbsp;&nbsp; <strong><em>topla\u00e7<\/em><\/strong><\/p>\n\n\n\n<ol type=\"A\">\n<li>elektrik dinamolar\u0131nda devingen k\u0131sm\u0131n \u00fczerindeki iletken devrelerde<br>ortaya \u00e7\u0131kan ak\u0131m\u0131 toplay\u0131p tek bir devreye veren ayg\u0131t;<br><i>ing. collector<\/i><\/li>\n<\/ol>\n\n\n\n<p><\/p>\n\n\n\n<p><em>tut<\/em>&#8211; (tutmak) +A\u00e7&nbsp;&nbsp;&nbsp;&nbsp;&nbsp;&nbsp;&nbsp;&nbsp;&nbsp;&nbsp;&nbsp;&nbsp;&nbsp;&nbsp;&nbsp;&nbsp;&nbsp;&nbsp; &#8211;&gt;&nbsp;&nbsp;&nbsp;&nbsp;&nbsp;&nbsp; <strong><em>tuta\u00e7<\/em><\/strong><\/p>\n\n\n\n<ol type=\"A\">\n<li>laboratuvar ma\u015fas\u0131 <i>(frz. pince, alm. pinzette)<\/i><\/li>\n\n\n\n<li>tutacak<\/li>\n<\/ol>\n\n\n\n<p><em>t\u00fcmle<\/em>&#8211; (t\u00fcmlemek) + A\u00e7&nbsp;&nbsp;&nbsp;&nbsp;&nbsp;&nbsp;&nbsp;&nbsp; &#8211;&gt;&nbsp;&nbsp;&nbsp;&nbsp;&nbsp;&nbsp; <strong><em>t\u00fcmle\u00e7<\/em><\/strong><\/p>\n\n\n\n<ol type=\"A\">\n<li>genellikle eylemin anlam\u0131n\u0131 \u00e7e\u015fitli y\u00f6nlerden tamamlayan ve herhangi bir ad durumunda bulunan ya da ilge\u00e7 alan ad yahut tamlama<br><i>\u00d6rnek:  \u015e\u00fckriye ba\u015f\u0131n\u0131 (nesne) onun omuzuna (dolayl\u0131 t\u00fcmle\u00e7) yaslam\u0131\u015ft\u0131 (T. Bu\u011fra, Yaln\u0131zlar, s. 115)<\/i><\/li>\n<\/ol>\n\n\n\n<p><\/p>\n\n\n\n<p><em>ula<\/em>-(ulamak) + A\u00e7&nbsp;&nbsp;&nbsp;&nbsp;&nbsp;&nbsp;&nbsp;&nbsp;&nbsp;&nbsp;&nbsp;&nbsp;&nbsp;&nbsp;&nbsp;&nbsp;&nbsp;&nbsp; &#8211;&gt;&nbsp;&nbsp;&nbsp;&nbsp;&nbsp;&nbsp; <strong><em>ula\u00e7<\/em><\/strong><\/p>\n\n\n\n<ol type=\"A\">\n<li>belirte\u00e7 olarak kullan\u0131lan eylemsi ( ing. gerund )<br>ekleriyle t\u00fcretilip zarf g\u00f6revinde kullan\u0131lan s\u00f6zc\u00fcklerdir.\n<br>S\u00f6ylemleri zaman veya durum y\u00f6n\u00fcyle tamamlar.\n<br><ul><li><i>Apartman\u0131n merdivenlerini&nbsp;ko\u015farak&nbsp;\u00e7\u0131kt\u0131k.<\/i><\/li><\/ul>Bu c\u00fcmlede, \u201cko\u015f-\u201d eylemi, \u201c-arak\u201d ekini alarak \u201c\u00e7\u0131k-\u201d eyleminin nas\u0131l yap\u0131ld\u0131\u011f\u0131n\u0131 <br>belirtti\u011fi i\u00e7in belirte\u00e7 g\u00f6revindedir.\n<br>Ayr\u0131ca eylem olumsuzluk ekini (-me) de alabildi\u011fi i\u00e7in ba\u011f-fiildir<\/li>\n<\/ol>\n\n\n\n<p><\/p>\n\n\n\n<p><em>\u00fcfle<\/em>-(\u00fcflemek) + A\u00e7&nbsp;&nbsp;&nbsp;&nbsp;&nbsp;&nbsp;&nbsp;&nbsp;&nbsp;&nbsp;&nbsp;&nbsp;&nbsp;&nbsp;&nbsp; &#8211;&gt;&nbsp;&nbsp;&nbsp;&nbsp;&nbsp;&nbsp; <strong><em>\u00fcfle\u00e7<\/em><\/strong><\/p>\n\n\n\n<ol type=\"A\">\n<li>Kaynak yap\u0131m\u0131nda, metalleri kesme ve eritme i\u015flemlerinde kullan\u0131lan, alev p\u00fcsk\u00fcrten ara\u00e7, hamla\u00e7<\/li>\n\n\n\n<li>Laboratuvarlarda y\u00fcksek \u0131s\u0131 elde edilen ara\u00e7, hamla\u00e7.<br><i>ing, blowpipe, fan; alm. ventilator<\/i><\/li>\n<\/ol>\n\n\n\n<p><\/p>\n\n\n\n<p><em>\u00fcret<\/em>&#8211; (\u00fcretmek) +A\u00e7 &nbsp;&nbsp;&nbsp;&nbsp;&nbsp;&nbsp;&nbsp;&nbsp;&nbsp;&nbsp;&nbsp;&nbsp;&nbsp; &#8211;&gt;&nbsp;&nbsp;&nbsp;&nbsp;&nbsp;&nbsp; <strong><em>\u00fcrete\u00e7<\/em><\/strong>(jenerat\u00f6r)<\/p>\n\n\n\n<ul>\n<li>Herhangi bir mekanik enerjiyi elektrik ak\u0131m\u0131na \u00e7eviren ayg\u0131t, jenerat\u00f6r, dinamo:<br><em>&nbsp;&nbsp;&nbsp;&nbsp;&nbsp;&nbsp;Pil ve dinamo birer elektrik \u00fcretecidir.<\/em><\/li>\n<\/ul>\n\n\n\n<p><em>vur<\/em>-(vurmak) +A\u00e7&nbsp;&nbsp;&nbsp;&nbsp;&nbsp;&nbsp;&nbsp;&nbsp;&nbsp;&nbsp;&nbsp;&nbsp;&nbsp;&nbsp;&nbsp;&nbsp;&nbsp;&nbsp; &#8211;&gt;&nbsp;&nbsp;&nbsp;&nbsp;&nbsp;&nbsp; <strong><em>vura\u00e7<\/em><\/strong> (raket)<\/p>\n\n\n\n<p><em>yak<\/em>&#8211; (yakmak) +A\u00e7&nbsp;&nbsp;&nbsp;&nbsp;&nbsp;&nbsp;&nbsp;&nbsp;&nbsp;&nbsp;&nbsp;&nbsp;&nbsp;&nbsp;&nbsp;&nbsp;&nbsp; &#8211;&gt;&nbsp;&nbsp;&nbsp;&nbsp;&nbsp;&nbsp; <strong><em>yaka\u00e7<\/em><\/strong><\/p>\n\n\n\n<ul>\n<li>\u0131s\u0131tma sistemlerinde yak\u0131t\u0131n hava ile belirli oranlarda kar\u0131\u015fmas\u0131n\u0131 sa\u011flayarak yanma olay\u0131n\u0131 ger\u00e7ekle\u015ftiren b\u00f6l\u00fcm<\/li>\n<\/ul>\n\n\n\n<p><\/p>\n\n\n\n<p><em>yans\u0131t<\/em>&#8211; (yans\u0131tmak) + A\u00e7&nbsp;&nbsp;&nbsp;&nbsp;&nbsp;&nbsp;&nbsp;&nbsp; &#8211;&gt;&nbsp;&nbsp;&nbsp;&nbsp;&nbsp;&nbsp; <strong><em>yans\u0131ta\u00e7<\/em><\/strong>(ayna, aksettiren)<\/p>\n\n\n\n<p><em>yaz<\/em>&#8211; (yazmak) + A\u00e7&nbsp;&nbsp;&nbsp;&nbsp;&nbsp;&nbsp;&nbsp;&nbsp;&nbsp;&nbsp;&nbsp;&nbsp;&nbsp;&nbsp;&nbsp;&nbsp; &#8211;&gt;&nbsp;&nbsp;&nbsp;&nbsp;&nbsp;&nbsp; <strong><em>yaza\u00e7<\/em><\/strong>(kalem)<\/p>\n\n\n\n<p><em>yal\u0131t<\/em>&#8211; (yal\u0131tmak) +A\u00e7&nbsp;&nbsp;&nbsp;&nbsp;&nbsp;&nbsp;&nbsp;&nbsp;&nbsp;&nbsp;&nbsp;&nbsp;&nbsp;&nbsp; &#8211;&gt;&nbsp;&nbsp;&nbsp;&nbsp;&nbsp;&nbsp; <strong><em>yal\u0131ta\u00e7<\/em><\/strong> (conta)<\/p>\n\n\n\n<p><em>yumu\u015fat<\/em>&#8211; (yumu\u015fatmak) +A\u00e7&#8211;&gt;&nbsp;&nbsp;&nbsp;&nbsp;&nbsp;&nbsp;&nbsp; <strong><em>yumu\u015fata\u00e7<\/em><\/strong><\/p>\n\n\n\n<p><em>y\u00fckselt<\/em>&#8211; (y\u00fckseltmek) +A\u00e7 &nbsp;&nbsp;&nbsp;&nbsp; &#8211;&gt;&nbsp;&nbsp;&nbsp;&nbsp;&nbsp;&nbsp; <strong><em>y\u00fckselte\u00e7<\/em><\/strong><\/p>\n\n\n\n<ul>\n<li>Al\u00e7ak veya y\u00fcksek frekansl\u0131 ak\u0131mlar\u0131n yararl\u0131 etkilerini art\u0131rmaya yarayan ara\u00e7, amplifikat\u00f6r.<\/li>\n<\/ul>\n","protected":false},"excerpt":{"rendered":"<p>1. A\u011eA\u00c7 s\u00f6z\u00fcn k\u00f6keni \u00fczerinde T\u00fcrk\u00e7emizde -a\u00e7\/-e\u00e7 (= A\u00e7) ekleri var. Bunlar\u0131 nas\u0131l ne yo\u011funlukta kullan\u0131yoruz? \u00d6rne\u011fin a\u011fa\u00e7 s\u00f6z\u00fcn -a\u00e7 ekinden t\u00fcredi\u011finin bilincinde miyiz? Prof. Dr. Vecihe Hatipo\u011flu 1972 y\u0131l\u0131nda okunmas\u0131 gereken &#8220;\u2018A\u011fa\u00e7\u2018 ve \u2018Su\u2018&#8221; adl\u0131 bir dil yaz\u0131s\u0131 yay\u0131nlad\u0131. Bu yaz\u0131da \u0131g &gt; ag &gt; ak k\u00f6kleri aras\u0131nda bi\u00e7im ile anlam yak\u0131nl\u0131klar\u0131n\u0131 g\u00f6sterip &#8220;akmak&#8221; &#8230; <a title=\"A\u011eA\u00c7 SU G\u0130B\u0130DIR\" class=\"read-more\" href=\"https:\/\/mublog.net\/index.php\/2023\/01\/12\/agac-su-gibidir\/\" aria-label=\"More on A\u011eA\u00c7 SU G\u0130B\u0130DIR\">Devam\u0131n\u0131 oku<\/a><\/p>\n","protected":false},"author":2,"featured_media":399,"comment_status":"open","ping_status":"open","sticky":false,"template":"","format":"standard","meta":{"om_disable_all_campaigns":false,"_monsterinsights_skip_tracking":false,"_monsterinsights_sitenote_active":false,"_monsterinsights_sitenote_note":"","_monsterinsights_sitenote_category":0,"footnotes":""},"categories":[93,115,94,95,96,97,98,117,116,99,119,100,120,118,121,101,122,123,124,102,125,126,127,128,103,129,130,104,131,132,133,134,105,135,136,137,138,106,139,140,141,107,142,108,143,109,144,145,146,147,148,149,150,151,110,111,152,154,153,156,155,157,158,159,162,112,160,161,113,114,165,164],"tags":[],"aioseo_notices":[],"_links":{"self":[{"href":"https:\/\/mublog.net\/index.php\/wp-json\/wp\/v2\/posts\/395"}],"collection":[{"href":"https:\/\/mublog.net\/index.php\/wp-json\/wp\/v2\/posts"}],"about":[{"href":"https:\/\/mublog.net\/index.php\/wp-json\/wp\/v2\/types\/post"}],"author":[{"embeddable":true,"href":"https:\/\/mublog.net\/index.php\/wp-json\/wp\/v2\/users\/2"}],"replies":[{"embeddable":true,"href":"https:\/\/mublog.net\/index.php\/wp-json\/wp\/v2\/comments?post=395"}],"version-history":[{"count":37,"href":"https:\/\/mublog.net\/index.php\/wp-json\/wp\/v2\/posts\/395\/revisions"}],"predecessor-version":[{"id":441,"href":"https:\/\/mublog.net\/index.php\/wp-json\/wp\/v2\/posts\/395\/revisions\/441"}],"wp:featuredmedia":[{"embeddable":true,"href":"https:\/\/mublog.net\/index.php\/wp-json\/wp\/v2\/media\/399"}],"wp:attachment":[{"href":"https:\/\/mublog.net\/index.php\/wp-json\/wp\/v2\/media?parent=395"}],"wp:term":[{"taxonomy":"category","embeddable":true,"href":"https:\/\/mublog.net\/index.php\/wp-json\/wp\/v2\/categories?post=395"},{"taxonomy":"post_tag","embeddable":true,"href":"https:\/\/mublog.net\/index.php\/wp-json\/wp\/v2\/tags?post=395"}],"curies":[{"name":"wp","href":"https:\/\/api.w.org\/{rel}","templated":true}]}}