{"id":151,"date":"2022-11-14T15:49:37","date_gmt":"2022-11-14T15:49:37","guid":{"rendered":"https:\/\/mublog.net\/?p=151"},"modified":"2024-01-05T15:18:46","modified_gmt":"2024-01-05T15:18:46","slug":"ince-dokuyuslar","status":"publish","type":"post","link":"https:\/\/mublog.net\/index.php\/2022\/11\/14\/ince-dokuyuslar\/","title":{"rendered":"\u0130nce Dokuyu\u015flar"},"content":{"rendered":"\n<h2 class=\"wp-block-heading\">#dokuma, #text, #teknik, #tak\u015fut, #tact<\/h2>\n\n\n\n<h2 class=\"wp-block-heading\"><\/h2>\n\n\n\n<p><\/p>\n\n\n\n<p>\u00d6zet:<\/p>\n\n\n\n<p>Bir yanda S\u00fcmer dilinde tug<sub>2<\/sub> \/ tu<sub>14<\/sub> \/tuku<sub>5, &nbsp;<\/sub>\u00f6b\u00fcr yanda g\u00fcn\u00fcm\u00fcz\u00fcn T\u00fcrk dilinde kullan\u0131lan dokumak\/d\u00f6\u011fmek\/do\u011fmak ve takmak s\u00f6zlerini e\u015f k\u00f6kenlere ba\u011flay\u0131p bunlar\u0131n Hint Avrupa dillerin belli bir s\u00f6z da\u011farc\u0131\u011f\u0131n\u0131n kayna\u011f\u0131n\u0131 olu\u015fturdu\u011funu \u00f6ne s\u00fcr\u00fcyoruz.<\/p>\n\n\n\n<p>\u00d6ns\u00f6z:<\/p>\n\n\n\n<p>Uygarl\u0131klar\u0131n ba\u015flang\u0131\u00e7lar\u0131ndan beri k\u00fcresel k\u00fclt\u00fcre damgas\u0131n\u0131 vuran S\u00fcmerlerin antik Kenger dili etimolojik kaynak olarak ele al\u0131n\u0131p incelenmezse, hi\u00e7bir k\u00f6kenbilim ara\u015ft\u0131rman\u0131n sayg\u0131nl\u0131\u011f\u0131 olabilir mi? \u00d6nemli bir s\u00f6z da\u011farc\u0131\u011f\u0131n\u0131 sadece varsay\u0131msal bir Hint-Avrupa k\u00f6k\u00fcne dayat\u0131p S\u00fcmer dilinde bulunan daha eski prototipik morfemlerini g\u00f6rmemezlikten gelmek ilmi k\u00f6r bir ideolojinin yarg\u0131lar\u0131nda bo\u011fup k\u00f6lele\u015ftirmek ve cehalete d\u00f6n\u00fc\u015ft\u00fcrmek demektir.<\/p>\n\n\n\n<p>Art\u0131k yel ba\u015fka y\u00f6ne esiyor. En \u00f6nde gelen ara\u015ft\u0131rmac\u0131lar bile S\u00fcmer-T\u00fcrk ili\u015fkilerini onayl\u0131yor. Bu konuda en uzman dilbilimcilerinden Simo Parpola 2007\u2019de \u015fu sonuca varm\u0131\u015f:<\/p>\n\n\n\n<p>\u201c<em>Although a close relationship of Sumerian with the Altaic family as a whole thus seems excluded, a genetic relationship with Turkish seems possible, as most of the matches are with Turkic languages, and they are basic words and grammatical morphemes also found in Uralic languages. <\/em>\u201c<\/p>\n\n\n\n<p class=\"has-xsmall-font-size\">( Simo Parpola; \u201cSumerian: A Uralic language\u201c; Helsinki 2007)<\/p>\n\n\n\n<p><\/p>\n\n\n\n<p>\u00c7ev: S\u00fcmercenin <em>bir b\u00fct\u00fcn olarak<\/em> Altay dil ailesiyle yak\u0131n bir ili\u015fkisi bu \u015fekilde elenmi\u015f g\u00f6r\u00fcnse de hem T\u00fcrk dilleriyle \u00e7ok say\u0131da e\u015fle\u015fmeler hem Ural dillerinde de ayn\u0131 kelimeler ve gramatik morfemler bulundu\u011fu i\u00e7in T\u00fcrk\u00e7e ile kal\u0131t\u0131msal bir ili\u015fki olas\u0131 g\u00f6r\u00fcnmektedir.<\/p>\n\n\n\n<p>B\u00f6l\u00fcmler<\/p>\n\n\n\n<p><a href=\"#_Toc119245017\">1.&nbsp;&nbsp;&nbsp;Tarihte Dokumac\u0131l\u0131\u011f\u0131n ba\u015flang\u0131\u00e7lar\u0131 <\/a><\/p>\n\n\n\n<p><a href=\"#_Toc119245018\">2.&nbsp;&nbsp;&nbsp;&nbsp;S\u00fcmer, T\u00fcrk ve Hun Dilinde Giyim ve Dokumac\u0131l\u0131k ile ilgili s\u00f6z varl\u0131\u011f\u0131 <\/a><\/p>\n\n\n\n<p><a href=\"#_Toc119245019\">2.1&nbsp;&nbsp;&nbsp;S\u00fcmerce s\u00f6z varl\u0131\u011f\u0131 <\/a><\/p>\n\n\n\n<p><a href=\"#_Toc119245020\">2.2&nbsp;&nbsp;&nbsp;T\u00fcrk\u00e7e s\u00f6z varl\u0131\u011f\u0131 <\/a><\/p>\n\n\n\n<p><a href=\"#_Toc119245021\">2.3&nbsp;&nbsp;&nbsp;&nbsp;Hunca s\u00f6z varl\u0131\u011f\u0131 <\/a><\/p>\n\n\n\n<p><a href=\"#_Toc119245022\">3.&nbsp;&nbsp;&nbsp;&nbsp;S\u00fcmerce tug2 \/ tu14 \/ tuku5 k\u00f6klerin miras\u0131 <\/a><\/p>\n\n\n\n<p><a href=\"#_Toc119245023\">3.1 &nbsp;&nbsp;Hitit\u00e7e<\/a><\/p>\n\n\n\n<p><a href=\"#_Toc119245024\">3.1.1&nbsp;&nbsp;&nbsp;Hititlerde giyim<\/a><\/p>\n\n\n\n<p><a href=\"#_Toc119245025\">3.1.2 &nbsp;&nbsp;&nbsp;Hitit\u00e7e <em>tak\u0161<\/em> ile Uygur metinlerinden gelen <em>tak\u015fut<\/em><\/a><\/p>\n\n\n\n<p><a href=\"#_Toc119245026\">3.2 Hint Avrupal\u0131 dillerinde *tug<sub>2<\/sub> \/ *tu<sub>14<\/sub> \/*tuku<sub>5 <\/sub>k\u00f6klerin izleri<\/a><\/p>\n\n\n\n<p><a href=\"#_Toc119245027\">3.2.1 tektonik<\/a><\/p>\n\n\n\n<p><a href=\"#_Toc119245028\">3.2.2 text\/textil<\/a><\/p>\n\n\n\n<p><a href=\"#_Toc119245029\">3.2.3 s\u00fcbtil<\/a><\/p>\n\n\n\n<p><a href=\"#_Toc119245030\">3.2.4 teknik\/teknoloji<\/a><\/p>\n\n\n\n<p><a href=\"#_Toc119245031\">3.2.5 taktik<\/a><\/p>\n\n\n\n<p><a href=\"#_Toc119245032\">3.2.6 taxis\/tassein<\/a><\/p>\n\n\n\n<p><a href=\"#_Toc119245033\">3.2.7 integer <\/a><\/p>\n\n\n\n<p><a href=\"#_Toc119245034\">3.2.8 tanjant, te\u011fet <\/a><\/p>\n\n\n\n<p><a href=\"#_Toc119245035\">3.2.9 tact\/contact <\/a><\/p>\n\n\n\n<p><\/p>\n\n\n\n<h1 class=\"wp-block-heading\"><a id=\"_Toc119245017\">1.&nbsp;&nbsp;&nbsp; Tarihte Dokumac\u0131l\u0131\u011f\u0131n ba\u015flang\u0131\u00e7lar\u0131<\/a><\/h1>\n\n\n\n<p>En eski kuma\u015f par\u00e7alar\u0131n buluntular\u0131<\/p>\n\n\n\n<p>Anadolu topraklar\u0131 d\u00fcnya uygarl\u0131klar\u0131n be\u015fi\u011fini olu\u015fturdu\u011funu arkeologlar\u0131n buldu\u011fu eski kuma\u015f par\u00e7alar\u0131 da kan\u0131tl\u0131yor.<\/p>\n\n\n\n<p>G\u00fcneydo\u011fu T\u00fcrkiye&#8217;de ortaya \u00e7\u0131kar\u0131lan eski bir aletin sap\u0131na yap\u0131\u015fan bir kuma\u015f par\u00e7as\u0131 karbon 14 y\u00f6ntemi ile <strong>9000<\/strong> ya\u015f\u0131nda oldu\u011fu tespit edildi. Bu onu \u015fimdiye kadar bulunan en eski bez haline getirmi\u015ftir. Chicago ve \u0130stanbul \u00dcniversite\u2019nden olu\u015fan bir ekip boynuz sap\u0131n\u0131 1988 y\u0131l\u0131nda \u00c7ay\u00f6n\u00fc yukar\u0131 Dicle nehri yak\u0131nlar\u0131nda bir sitede ke\u015ffetti.<\/p>\n\n\n\n<p>Hollanda&#8217;daki Leiden \u00dcniversitesi&#8217;nden Gillian Vogelsang-Eastwood kuma\u015f\u0131n kal\u0131nl\u0131\u011f\u0131 yar\u0131m milimetreyi ge\u00e7meyen, bir santimetre eninde be\u015fer ve bir santimetre boyunda yedi\u015fer ipliklerle &#8216;\u00e7ok hassas&#8217; \u00f6r\u00fcld\u00fc\u011f\u00fcn\u00fc belirtti. Muhtemelen keten bitkisinin elyaflar\u0131ndan dokunan bir keten kuma\u015f par\u00e7as\u0131d\u0131r. \u00d6nce k\u0131yafet olarak kullan\u0131lan kuma\u015f daha sonra bez olarak i\u015f g\u00f6rd\u00fc\u011f\u00fc ve sap\u0131n etraf\u0131na sar\u0131ld\u0131\u011f\u0131 d\u00fc\u015f\u00fcn\u00fcl\u00fcyor. 1963&#8217;ten beri burada kaz\u0131 yapan Chicago&#8217;lu arkeolog Robert Braidwood, \u00c7ay\u00f6n\u00fc&#8217;n\u00fcn o tarihte yakla\u015f\u0131k 500 ki\u015filik bir kasaba oldu\u011funu s\u00f6yl\u00fcyor. O boynuz kerpi\u00e7 de bir evin kal\u0131nt\u0131lar\u0131nda bulundu. Yakla\u015f\u0131k 10.000 y\u0131l kadar \u00f6nce insanlar\u0131n yerle\u015fti\u011fi site konaklama amac\u0131 d\u0131\u015f\u0131nda in\u015faat edilen en eski \u201dresmi mimari\u201d \u00f6rneklerinden baz\u0131lar\u0131na sahiptir.&nbsp; Sakinleri \u00e7ift\u00e7ilikle ve avc\u0131l\u0131kla ge\u00e7iniyordu. Bug\u00fcn tan\u0131d\u0131\u011f\u0131m\u0131z evcil hayvanlar\u0131 da vard\u0131. (New Scientist Magazine issue&nbsp;<a href=\"https:\/\/www.newscientist.com\/article\/mg13918831-300-strands-from-the-dawn-of-time\/\" target=\"_blank\" rel=\"noopener\" title=\"New Scientist\">1883&nbsp;<\/a>, 24 Tem 1993)<\/p>\n\n\n\n<p>Bir di\u011fer kuma\u015f par\u00e7as\u0131 \u00c7umra \u0130l\u00e7esi s\u0131n\u0131rlar\u0131ndaki <strong>9 bin<\/strong> y\u0131ll\u0131k neolitik yerle\u015fim yeri \u00c7atalh\u00f6y\u00fck\u2019te yap\u0131lan kaz\u0131da bulundu. Stanford \u00dcniversitesi \u00d6\u011fretim \u00dcyesi Prof. Dr. Ian Hodder 2013 y\u0131l\u0131nda haz\u0131rlanan raporda en \u00f6nemli buluntular\u0131n h\u00f6y\u00fc\u011f\u00fcn uygun koruma ko\u015fullar\u0131 sayesinde ortaya \u00e7\u0131kt\u0131\u011f\u0131n\u0131 belirtti. Ian Hodder, \u015funlar\u0131 s\u00f6yledi: \u201cYang\u0131n, binan\u0131n zeminini ve platformlar\u0131n\u0131 \u0131s\u0131tarak f\u0131r\u0131nlama etkisi yaratm\u0131\u015f. B\u00f6ylece zeminin alt\u0131ndaki g\u00f6m\u00fcleri ve g\u00f6m\u00fclerle birlikte ayn\u0131 yerde bir kuma\u015f par\u00e7as\u0131n\u0131 korumu\u015f. Bu kaz\u0131 evindeki laboratuvarda incelenmi\u015f ve kuma\u015f\u0131n kendirden dokunmu\u015f keten oldu\u011fu tespit edilmi\u015ftir. Bu, d\u00fcnyadaki ilk kuma\u015f par\u00e7alar\u0131ndan biri olmakla birlikte ayn\u0131 zamanda en iyi korunmu\u015f \u00f6rneklerden de biridir\u2026\u201d<\/p>\n\n\n\n<p>S\u00fcmerlerde dokumac\u0131l\u0131k<\/p>\n\n\n\n<p>6000 y\u0131l \u00f6nce Mezopotamya\u2019n\u0131n g\u00fcneyinde Dicle ve F\u0131rat nehirleri aras\u0131ndaki b\u00f6lgeye yerle\u015fmi\u015f olan S\u00fcmerler kil \u00fczerine \u00e7ivi yaz\u0131s\u0131n\u0131 geli\u015ftirerek insano\u011flunun tarihinde yeni bir d\u00f6neme imza atmalar\u0131 yan\u0131nda tekstil \u00fcretimini de daha y\u00fcksek boyutlara ta\u015f\u0131m\u0131\u015flar.<\/p>\n\n\n\n<p>S\u00fcmer uygarl\u0131\u011f\u0131 M\u00d6 2700 ila 2350 aras\u0131nda en y\u00fcksek k\u00fclt\u00fcr seviyesine ula\u015ft\u0131.<\/p>\n\n\n\n<p>\u00d6nceden kuma\u015f dokumak i\u00e7in y\u00fcn toplan\u0131yordu, ancak S\u00fcmerler, y\u00fcnl\u00fc malzemeyi seri \u00fcretmek i\u00e7in bir sistem yaratan ilk toplumdu. S\u00fcmerler, i\u015fi end\u00fcstriyel boyutlara ta\u015f\u0131mak i\u00e7in \u00f6rg\u00fctler kurarak sonraki \u00e7a\u011flara \u00f6rnek olacak man\u00fcfakt\u00fcrler yaratt\u0131lar.<\/p>\n\n\n\n<p>\u0130lk zamanlarda her iki cinsiyetin derisi i\u00e7e d\u00f6n\u00fck ve y\u00fcnleri dekoratif s\u00fcslerle i\u015flenmi\u015f koyun postundan yap\u0131lm\u0131\u015f giyimleri vard\u0131. Bu deriler g\u00f6vdeye sar\u0131l\u0131p yerine tutturularak belden dizlere veya daha \u00f6nemli ki\u015filer i\u00e7in ayak bileklerine kadar uzan\u0131yordu. G\u00f6vdenin \u00fcst k\u0131sm\u0131 ya \u00e7\u0131plakt\u0131 ya da omuzlar ba\u015fka bir koyun postuyla korunuyordu. Yakla\u015f\u0131k M\u00d6 2500&#8217;den beri dokunmu\u015f y\u00fcn kuma\u015f koyun derisinin yerini ald\u0131\u011f\u0131nda da giysiye dantel dikerek ya da kuma\u015fa ilmekler d\u00fc\u011f\u00fcmleyerek tepeli g\u00f6r\u00fcn\u00fcm korundu. (<a href=\"https:\/\/www.britannica.com\/topic\/dress-clothing\/Mesopotamia\">Britannica<\/a>)<\/p>\n\n\n\n<p>Daha sonra S\u00fcmerlerde ve Akadlarda giyim daha karma\u015f\u0131k ve yo\u011fun i\u015flenmi\u015f bir tarza d\u00f6n\u00fc\u015ft\u00fc. Bu daha fazla ayr\u0131nt\u0131ya giden d\u00f6k\u00fcml\u00fc kost\u00fcmlerin kan\u0131tlar\u0131 S\u00fcmer sanat\u0131nda tap\u0131nak duvarlar\u0131ndaki bezemeli kabartmalar\u0131nda g\u00f6r\u00fclebilir. En \u00e7ekici \u00fcr\u00fcnler aras\u0131nda her iki cinsiyet i\u00e7in de iki temel giysi olan her biri tek par\u00e7a malzemeden kesilmi\u015f <strong><em>tunik<\/em><\/strong> ve <strong><em>\u015fal<\/em><\/strong>.<\/p>\n\n\n<div class=\"wp-block-image\">\n<figure class=\"aligncenter size-full is-resized\"><img loading=\"lazy\" decoding=\"async\" src=\"https:\/\/mublog.net\/wp-content\/uploads\/2022\/11\/sumer_elbise.png\" alt=\"\" class=\"wp-image-153\" width=\"233\" height=\"334\" srcset=\"https:\/\/mublog.net\/wp-content\/uploads\/2022\/11\/sumer_elbise.png 472w, https:\/\/mublog.net\/wp-content\/uploads\/2022\/11\/sumer_elbise-209x300.png 209w\" sizes=\"(max-width: 233px) 100vw, 233px\" \/><figcaption class=\"wp-element-caption\">Modern tasar\u0131m Tadarida taraf\u0131ndan<\/figcaption><\/figure><\/div>\n\n\n<p><\/p>\n\n\n\n<p><\/p>\n\n\n\n<h1 class=\"wp-block-heading\"><a id=\"_Toc119245018\">2.&nbsp;&nbsp;&nbsp; S\u00fcmer, T\u00fcrk ve Hun Dilinde Giyim ve Dokumac\u0131l\u0131k ile ilgili s\u00f6z varl\u0131\u011f\u0131<\/a><\/h1>\n\n\n\n<h2 class=\"wp-block-heading\"><a id=\"_Toc119245019\">2.1&nbsp;&nbsp;&nbsp;&nbsp;&nbsp; S\u00fcmerce s\u00f6z varl\u0131\u011f\u0131<\/a><\/h2>\n\n\n\n<p><\/p>\n\n\n\n<p>tug<sub>2<\/sub>, tu<sub>14<\/sub>, tuku<sub>5<\/sub>, du<sub>3<\/sub><\/p>\n\n\n\n<p><strong>tug<sub>2<\/sub><\/strong> &nbsp;&nbsp;&nbsp;&nbsp;&nbsp;&nbsp;&nbsp;&nbsp;&nbsp;&nbsp;&nbsp;&nbsp;&nbsp;&nbsp;&nbsp; \u2013 &nbsp;&nbsp;&nbsp;&nbsp;&nbsp;&nbsp;&nbsp;&nbsp; dokuma, dokunmu\u015f kuma\u015f, giysi, elbise<\/p>\n\n\n\n<p><strong>tu<sub>14<\/sub><\/strong> &nbsp;&nbsp;&nbsp;&nbsp;&nbsp;&nbsp;&nbsp;&nbsp;&nbsp;&nbsp;&nbsp;&nbsp;&nbsp;&nbsp;&nbsp; \u2013&nbsp;&nbsp;&nbsp;&nbsp;&nbsp;&nbsp;&nbsp;&nbsp;&nbsp; d\u00f6\u011fmek, dokumak<\/p>\n\n\n\n<p><strong>tuku<sub>5<\/sub> <\/strong>&nbsp;&nbsp;&nbsp;&nbsp;&nbsp;&nbsp;&nbsp;&nbsp;&nbsp;&nbsp;&nbsp;&nbsp;&nbsp; \u2013 &nbsp;&nbsp;&nbsp;&nbsp;&nbsp;&nbsp;&nbsp;&nbsp; d\u00f6\u011fmek, dokumak, vurmak, \u00e7atmak<\/p>\n\n\n\n<p><strong>t\u00fag-\u00edb-d\u00f9<\/strong> &nbsp;&nbsp;&nbsp;&nbsp;&nbsp;&nbsp; \u2013 &nbsp;&nbsp;&nbsp;&nbsp;&nbsp;&nbsp;&nbsp;&nbsp; y\u00fcnl\u00fc bir giysi (&#8216;kuma\u015f&#8217; + &#8216;bel, kal\u00e7a&#8217; + &#8216;kal\u0131plamak&#8217;).<\/p>\n\n\n\n<p><strong>tug-n\u00ed-d\u00e1ra<\/strong> &nbsp;&nbsp;&nbsp; \u2013 &nbsp;&nbsp;&nbsp;&nbsp;&nbsp;&nbsp;&nbsp;&nbsp; pe\u015ftamal (&#8216;kuma\u015f&#8217; + &#8216;\u015fey&#8217; + &#8216;ba\u011flamak; kemer, ku\u015fak&#8217;).<\/p>\n\n\n\n<p><strong>t\u00fag-n\u00ed-l\u00e1m<\/strong> &nbsp;&nbsp;&nbsp;&nbsp; \u2013 &nbsp;&nbsp;&nbsp;&nbsp;&nbsp;&nbsp;&nbsp;&nbsp; \u015fenlikli bir giysi, elbise (&#8220;kuma\u015f&#8221; + &#8220;\u015fey&#8221; + &#8220;hu\u015fu uyand\u0131ran bir kalite&#8221;).<\/p>\n\n\n\n<p><strong>t\u00fag-TAR<\/strong> &nbsp;&nbsp;&nbsp;&nbsp;&nbsp;&nbsp;&nbsp;&nbsp; \u2013 &nbsp;&nbsp;&nbsp;&nbsp;&nbsp;&nbsp;&nbsp;&nbsp; k\u0131sa kesim elbise (?) (&#8216;kuma\u015f&#8217; + &#8216;kesmek&#8217;).<\/p>\n\n\n\n<p><strong>tag<\/strong> &nbsp;&nbsp;&nbsp;&nbsp;&nbsp;&nbsp;&nbsp;&nbsp;&nbsp;&nbsp;&nbsp;&nbsp;&nbsp;&nbsp;&nbsp;&nbsp;&nbsp;&nbsp;&nbsp;&nbsp;&nbsp; \u2013 &nbsp;&nbsp;&nbsp;&nbsp;&nbsp;&nbsp;&nbsp;&nbsp;&nbsp;&nbsp; dokunmak, takmak, tutmak, ataklamak<\/p>\n\n\n\n<p><strong>du<\/strong><sub>3<\/sub> &nbsp;&nbsp;&nbsp;&nbsp;&nbsp;&nbsp;&nbsp;&nbsp;&nbsp;&nbsp;&nbsp;&nbsp;&nbsp;&nbsp;&nbsp;&nbsp;&nbsp;&nbsp;&nbsp;&nbsp;&nbsp; \u2013 &nbsp;&nbsp;&nbsp;&nbsp;&nbsp;&nbsp;&nbsp;&nbsp;&nbsp;&nbsp; yapmak, uygulamak, i\u015flemek<\/p>\n\n\n\n<p><strong>dirig<\/strong> &nbsp;&nbsp;&nbsp;&nbsp;&nbsp;&nbsp;&nbsp;&nbsp;&nbsp;&nbsp;&nbsp;&nbsp;&nbsp;&nbsp;&nbsp;&nbsp;&nbsp;&nbsp; \u2013 &nbsp;&nbsp;&nbsp;&nbsp;&nbsp;&nbsp;&nbsp;&nbsp; \u201cy\u00fcksek(te) olmak, y\u00fckseklere in\u015fa etmek\u201c<\/p>\n\n\n\n<p>\u2192 \u2018tunik\u2019 s\u00f6z\u00fcn k\u00f6klerini g\u00f6r\u00fcyoruz:  t\u00fag-n\u00ed-l\u00e1m<\/p>\n\n\n\n<p><\/p>\n\n\n\n<p><\/p>\n\n\n\n<p><br><\/p>\n\n\n\n<p><\/p>\n\n\n\n<h2 class=\"wp-block-heading\"><a id=\"_Toc119245020\">2.2&nbsp;&nbsp;&nbsp;&nbsp;&nbsp; T\u00fcrk\u00e7e s\u00f6z varl\u0131\u011f\u0131<\/a><\/h2>\n\n\n\n<p><strong>tok\u0131<\/strong>&nbsp;&nbsp;&nbsp;&nbsp;&nbsp;&nbsp;&nbsp;&nbsp;&nbsp;&nbsp;&nbsp;&nbsp;&nbsp;&nbsp;&nbsp;&nbsp; \u2013 &nbsp;\u201cvurmak, d\u00f6vmek, \u00e7akmak, t\u0131klatmak, dokumak, arga\u00e7lamak<\/p>\n\n\n\n<p><strong>tokmak<\/strong>&nbsp;&nbsp;&nbsp;&nbsp;&nbsp;&nbsp;&nbsp;&nbsp;&nbsp;&nbsp; \u2013 &nbsp;\u00f6rne\u011fin hal\u0131lar\u0131 dokumak\/vurmak i\u00e7in yarayan ara\u00e7<\/p>\n\n\n\n<p><strong>ton<\/strong>&nbsp;&nbsp;&nbsp;&nbsp;&nbsp;&nbsp;&nbsp;&nbsp;&nbsp;&nbsp;&nbsp;&nbsp;&nbsp;&nbsp;&nbsp;&nbsp;&nbsp; \u2013 &nbsp;\u201celbise\u201d<\/p>\n\n\n\n<p><strong>t\u00fcg<\/strong>&nbsp;&nbsp;&nbsp;&nbsp;&nbsp;&nbsp;&nbsp;&nbsp;&nbsp;&nbsp;&nbsp;&nbsp;&nbsp;&nbsp;&nbsp;&nbsp;&nbsp; \u2013 &nbsp;\u201cd\u00fc\u011f\u00fcmlemek\u201d<\/p>\n\n\n\n<p><strong>t\u00fck<\/strong>&nbsp;&nbsp;&nbsp;&nbsp;&nbsp;&nbsp;&nbsp;&nbsp;&nbsp;&nbsp;&nbsp;&nbsp;&nbsp;&nbsp;&nbsp;&nbsp;&nbsp; \u2013 &nbsp;\u201cy\u00fcn.\u201d (ETS: 217; EUTS: 168)<\/p>\n\n\n\n<p><strong>t\u00fclt\u00fcr<\/strong>&nbsp;&nbsp;&nbsp;&nbsp;&nbsp;&nbsp;&nbsp;&nbsp;&nbsp;&nbsp;&nbsp;&nbsp;&nbsp; \u2013 \u201c\u00e7arpmak, vurmak\u201d<\/p>\n\n\n\n<p><strong>t\u00fcl\u00fck<\/strong>&nbsp;&nbsp;&nbsp;&nbsp;&nbsp;&nbsp;&nbsp;&nbsp;&nbsp;&nbsp;&nbsp;&nbsp;&nbsp;&nbsp; \u2013 &nbsp;\u201cboh\u00e7a.\u201d (ETS: 218)<\/p>\n\n\n\n<p><strong>ta\u0121ar <\/strong><strong>&nbsp; <\/strong>&nbsp;&nbsp;&nbsp;&nbsp;&nbsp;&nbsp;&nbsp;&nbsp;&nbsp;&nbsp;&nbsp; \u2013 \u201ctorba, da\u011farc\u0131k, da\u011far\u201d<\/p>\n\n\n\n<p><strong>tekzim<\/strong> ~ t\u00e4kzim \u201cpamuktan veya ba\u015fka nesneden yap\u0131lm\u0131\u015f kabartma\u201d; teksin\u00e7 ~ tegzin\u00e7 \u201ctomar<\/p>\n\n\n\n<p class=\"has-small-font-size\"><strong>doku(n)mak &nbsp;&nbsp;<\/strong> \u2192 *tug<sub>2<\/sub> \/ *tu<sub>14<\/sub> \/*tuku<sub>5 <\/sub>k\u00f6kleri ile \u00f6rt\u00fc\u015f\u00fcr; S\u00fcmer dilinde T\u00fcrk\u00e7enin ilk izlerindendir<\/p>\n\n\n\n<p><strong>de\u011fmek<\/strong><\/p>\n\n\n\n<p><\/p>\n\n\n\n<p><\/p>\n\n\n\n<p><br><\/p>\n\n\n\n<p><\/p>\n\n\n\n<h2 class=\"wp-block-heading\"><a id=\"_Toc119245021\">2.3&nbsp; Hunca\/Macarca s\u00f6z varl\u0131\u011f\u0131<\/a><\/h2>\n\n\n\n<p>Hun.<strong> th\u00e1ga<\/strong>&nbsp;&nbsp;&nbsp;&nbsp;&nbsp;&nbsp;&nbsp;&nbsp;&nbsp;&nbsp;&nbsp;&nbsp;&nbsp;&nbsp;&nbsp;&nbsp;&nbsp;&nbsp; \u2013 &nbsp;<\/p>\n\n\n\n<ul>\n<li>kuma\u015f, bez, ba\u015f\u00f6rt\u00fcs\u00fc, <strong>b\u00fcrg\u00fc<\/strong><\/li>\n\n\n\n<li>duvak; gelinin d\u00fc\u011f\u00fcn, evlenme t\u00f6reni s\u0131ras\u0131nda kulland\u0131\u011f\u0131,<\/li>\n<\/ul>\n\n\n\n<p>ba\u015f\u0131n\u0131 ve kimi zaman da ba\u015f\u0131yla birlikte y\u00fcz\u00fcn\u00fc kapayan dantel ya da t\u00fclden \u00f6rt\u00fc<\/p>\n\n\n\n<p>Mac.<strong> t\u00e1kol<\/strong>&nbsp;&nbsp;&nbsp;&nbsp;&nbsp;&nbsp;&nbsp;&nbsp;&nbsp;&nbsp;&nbsp;&nbsp;&nbsp;&nbsp;&nbsp;&nbsp;&nbsp;&nbsp;&nbsp; \u2013 &nbsp;&nbsp;&nbsp;&nbsp;&nbsp;&nbsp;&nbsp;&nbsp; h\u0131zl\u0131ca yap\u0131vermek, takmak<\/p>\n\n\n\n<p>S\u00fcmerce: tuku5 &#8220;to beat, strike of cloth; to weave&#8221;<\/p>\n\n\n\n<p class=\"has-xsmall-font-size\">[Hunnic-Hungarian Etymological Word List (based on the editions of the Isfahan codex by Dr. Csaba Detre and Imre Pet\u0151) BY PROF. DR. ALFR\u00c9D T\u00d3TH, 2007]<\/p>\n\n\n\n<p><br><\/p>\n\n\n\n<p><\/p>\n\n\n\n<h1 class=\"wp-block-heading\"><a id=\"_Toc119245022\">3.&nbsp;&nbsp;&nbsp; S\u00fcmerce tug<sub>2<\/sub> \/ tu<sub>14<\/sub> \/ tuku<sub>5<\/sub> k\u00f6klerin miras\u0131<\/a><\/h1>\n\n\n\n<h2 class=\"wp-block-heading\"><a id=\"_Toc119245023\">3.1 &nbsp;&nbsp;&nbsp;&nbsp; Hitit\u00e7e<\/a><\/h2>\n\n\n\n<h3 class=\"wp-block-heading\"><a id=\"_Toc119245024\">3.1.1&nbsp;&nbsp;&nbsp;&nbsp;&nbsp;&nbsp; Hititlerde giyim<\/a><\/h3>\n\n\n\n<p>Hitit yaz\u0131l\u0131 belgelerinde kad\u0131n ve erkek giysileri birbirinden ayr\u0131 olarak belirtilmi\u015ftir. Kad\u0131nlarda yukar\u0131 \u00e7ekilmi\u015f elbise, bir i\u015flemeli tunik, manto, bir ba\u015fl\u0131k, bir i\u00e7 elbisesi, bir tak\u0131m kemerli tunik, bir tak\u0131m g\u00fcm\u00fc\u015ften g\u00f6\u011f\u00fcs s\u00fcs\u00fc gibi kad\u0131na ait k\u0131yafet t\u00fcrleri yer almaktad\u0131r. Di\u011fer pasajda ise erkek k\u0131yafet par\u00e7alar\u0131 s\u0131ralanm\u0131\u015ft\u0131r. Ortak giyilen k\u0131yafet tuniktir. \u0130nce giysi (<strong>T\u00daG.SIG<\/strong>), t\u00f6ren giysisi (<strong>T\u00daGku\u0161i\u0161i<\/strong>), i\u015flemeli tunik (<strong>T\u00daGE.\u00cdB MA\u0160-LU<\/strong>), mavi \u00e7orap veya tozluk (<strong>T\u00daGGADA-DAM.ZA-G\u00ccN<\/strong>), beyaz g\u00f6mlek (<strong>T\u00daGG\u00da BABBAR<\/strong>) &#8230; erkek k\u0131yafetlerini olu\u015fturmaktad\u0131r. Bunun yan\u0131 s\u0131ra t\u00f6ren, bayram giysisi ayr\u0131lmaktad\u0131r ( <strong>T\u00daGN\u00cdG.LAM(ME\u0160)<\/strong> ) . Bu tip k\u0131yafetlerin renkli ve k\u0131ymetli ta\u015flarla s\u00fcsl\u00fc olanlar\u0131 bilinmektedir. Bunlar tek par\u00e7al\u0131 k\u0131yafetlerdir. K\u00fclt envanter metinlerinde \u201ct\u00f6ren giysisinin\u201d saray taraf\u0131ndan tanr\u0131\u00e7alara hediye edildi\u011fi g\u00f6r\u00fclmektedir. (\u00d6zlem T\u00fct\u00fcnc\u00fcler, M.\u00d6. 2. B\u0130N EGE B\u00d6LGES\u0130 DOKUMA ALETLER\u0130, S.75)<\/p>\n\n\n\n<p>Hitit\u00e7e s\u00f6z varl\u0131\u011f\u0131 do\u011frudan S\u00fcmerceden kaynaklan\u0131r. Bunlar\u0131 s\u0131ral\u0131yoruz:<\/p>\n\n\n\n<p><strong>T\u00daG.SIG <\/strong><strong>&nbsp;&nbsp;&nbsp;&nbsp;&nbsp;&nbsp;&nbsp;&nbsp; <\/strong>&nbsp;&nbsp;&nbsp;&nbsp;&nbsp;&nbsp;&nbsp;&nbsp;&nbsp;&nbsp;&nbsp;&nbsp;&nbsp;&nbsp;&nbsp;&nbsp;&nbsp;&nbsp;&nbsp;&nbsp;&nbsp;&nbsp;&nbsp; \u2013 &nbsp;&nbsp;\u201cince giysi\u201c<\/p>\n\n\n\n<p><strong>T\u00daGku\u0161i\u0161i <\/strong><strong>&nbsp;&nbsp;&nbsp;&nbsp;&nbsp; <\/strong>&nbsp;&nbsp;&nbsp;&nbsp;&nbsp;&nbsp;&nbsp;&nbsp;&nbsp;&nbsp;&nbsp;&nbsp;&nbsp;&nbsp;&nbsp;&nbsp;&nbsp;&nbsp;&nbsp;&nbsp;&nbsp;&nbsp;&nbsp; \u2013&nbsp; \u201ct\u00f6ren giysisi\u201c&nbsp;&nbsp;&nbsp;&nbsp;&nbsp;&nbsp;&nbsp;&nbsp;<\/p>\n\n\n\n<p><strong>T\u00daGE.\u00cdB MA\u0160-LU <\/strong><strong>&nbsp;&nbsp;&nbsp;&nbsp;&nbsp;&nbsp; <\/strong>&nbsp;&nbsp;&nbsp;&nbsp;&nbsp;&nbsp;&nbsp;&nbsp;&nbsp;&nbsp;&nbsp; \u2013&nbsp; \u201ci\u015flemeli tunik\u201c<\/p>\n\n\n\n<p><strong>T\u00daGGADA-DAM.ZA-G\u00ccN <\/strong><strong>&nbsp;&nbsp;&nbsp;&nbsp;&nbsp;&nbsp; <\/strong>\u2013&nbsp;&nbsp; \u201cmavi \u00e7orap veya tozluk\u201c <strong><\/strong><\/p>\n\n\n\n<p><strong>T\u00daGG\u00da BABBAR <\/strong><strong>&nbsp;&nbsp;&nbsp;&nbsp;&nbsp;&nbsp; <\/strong>&nbsp;&nbsp;&nbsp;&nbsp;&nbsp;&nbsp;&nbsp;&nbsp;&nbsp;&nbsp;&nbsp; \u2013&nbsp; \u201cbeyaz g\u00f6mlek\u201c<\/p>\n\n\n\n<p><strong>T\u00daGN\u00cdG.LAM(ME\u0160) &nbsp;&nbsp; <\/strong>&nbsp;&nbsp;&nbsp;&nbsp;&nbsp;&nbsp;&nbsp;&nbsp;&nbsp;&nbsp;&nbsp; \u2013&nbsp; \u201ct\u00f6ren, bayram giysisi\u201c<\/p>\n\n\n\n<p><\/p>\n\n\n\n<p><br><\/p>\n\n\n\n<h3 class=\"wp-block-heading\"><a id=\"_Toc119245025\">3.1.2 &nbsp;&nbsp; Hitit\u00e7e <em>tak\u0161<\/em> ile Uygur metinlerinden gelen \u015fiir, naz\u0131m, beyit anlam\u0131ndaki <em>tak\u015fut<\/em><\/a><\/h3>\n\n\n\n<p>Buddhac\u0131 Uygur metinlerinde g\u00f6r\u00fclen <em>tak\u015fut<\/em> s\u00f6zc\u00fc\u011f\u00fc \u015fiir, naz\u0131m, beyit ve manzume anlamlar\u0131nda kullan\u0131lm\u0131\u015ft\u0131r. [T\u00fcrk Dili ve Edebiyat\u0131, Ozan Sayman]<\/p>\n\n\n\n<p>Bu s\u00f6z\u00fcn k\u00f6kleri Hitit ve S\u00fcmer dillerine dayan\u0131yor.<\/p>\n\n\n\n<p><em>tak\u0161, takke\u0161, tagga\u0161 <\/em>&nbsp;&nbsp;&nbsp;&nbsp;&nbsp;&nbsp;&nbsp;&nbsp;&nbsp;&nbsp;&nbsp;&nbsp;&nbsp;&nbsp;&nbsp;&nbsp; \u2013 &nbsp;birle\u015ftirmek, i\u015flemek, dikmek,  \u2192 kr\u015f. tahsis(!), taksit<\/p>\n\n\n\n<p class=\"has-xsmall-font-size\">Friedrich &#8211; Kurzgefasstes hethitisches W\u00f6rterbuch (1991)<\/p>\n\n\n\n<p><\/p>\n\n\n\n<p><br><\/p>\n\n\n\n<h2 class=\"wp-block-heading\"><a id=\"_Toc119245026\">3.2 Hint Avrupal\u0131 dillerinde tug<sub>2<\/sub> \/ tu<sub>14<\/sub> \/tuku<sub>5 <\/sub>k\u00f6klerin izleri <\/a><\/h2>\n\n\n\n<h3 class=\"wp-block-heading\"><a id=\"_Toc119245027\">3.2.1 tektonik<\/a><\/h3>\n\n\n\n<p><strong>tektonik<\/strong> (s\u0131f.) &nbsp;&nbsp;&nbsp;&nbsp;&nbsp;&nbsp;&nbsp;&nbsp;&nbsp;&nbsp;&nbsp;&nbsp;&nbsp;&nbsp;&nbsp; \u2013 1650&#8217;lerden itibaren, &#8220;in\u015faat veya in\u015faatla ilgili&#8221;,<\/p>\n\n\n\n<p>Ge\u00e7 Latince tectonicus&#8217;tan, Yunanca tektonikos&#8217;tan &#8220;in\u015fatla ilgili&#8221;den, tektondan (genitif tektonos) &#8220;in\u015faat\u00e7\u0131, marangoz, ah\u015fap i\u015f\u00e7isi; herhangi bir sanatta usta (heykel, metal i\u015f\u00e7ili\u011fi, yazma),&#8221; Proto HA k\u00f6k\u00fcnden *teks- &#8220;dokumak&#8221;, ayr\u0131ca &#8220;fabrika etmek&#8221;. &#8220;Yer kabu\u011funun yap\u0131s\u0131yla ilgili&#8221; jeolojik anlam 1887&#8217;den itibaren kaydedilmi\u015ftir.<\/p>\n\n\n\n<p>\u0130svi\u00e7reli filolog Wolfgang Kastner \u201ctekton\u201c s\u00f6z\u00fcn\u00fc 1991\u2019de <em>Museum Helveticum<\/em> &nbsp;dergisinin 48ci cildinde \u201cTEKTON \u2013 MEMNON: Zu den Wurzeln tek- und men- im Griechischen\u201c adl\u0131 makalesinde ayr\u0131nt\u0131l\u0131 \u015fekilde inceleyip tetkik edip esasen *teks de\u011fil de *tek morfemin as\u0131l k\u00f6k olmas\u0131 gerekti\u011fini a\u00e7\u0131klam\u0131\u015ft\u0131r.<\/p>\n\n\n\n<p>Kastner \u201ctekton\u201c s\u00f6z\u00fcn etimolojik soy a\u011fac\u0131n\u0131 \u00e7izip yaz\u0131s\u0131n\u0131n sonuna ekledi.<\/p>\n\n\n\n<p>O tablonun bir fragman\u0131 \u015f\u00f6yle:<\/p>\n\n\n<div class=\"wp-block-image\">\n<figure class=\"aligncenter size-full\"><img loading=\"lazy\" decoding=\"async\" width=\"1017\" height=\"170\" src=\"https:\/\/mublog.net\/wp-content\/uploads\/2022\/11\/Kastner.png\" alt=\"\" class=\"wp-image-155\" srcset=\"https:\/\/mublog.net\/wp-content\/uploads\/2022\/11\/Kastner.png 1017w, https:\/\/mublog.net\/wp-content\/uploads\/2022\/11\/Kastner-300x50.png 300w, https:\/\/mublog.net\/wp-content\/uploads\/2022\/11\/Kastner-768x128.png 768w, https:\/\/mublog.net\/wp-content\/uploads\/2022\/11\/Kastner-600x100.png 600w\" sizes=\"(max-width: 1017px) 100vw, 1017px\" \/><figcaption class=\"wp-element-caption\">Kastner\u2019e g\u00f6re *tek k\u00f6k\u00fcnden t\u00fcreyen s\u00f6yler<\/figcaption><\/figure><\/div>\n\n\n<p><\/p>\n\n\n\n<p>Makalede \u201ctekton\u201c s\u00f6z\u00fcn *tek k\u00f6k\u00fcnden iki farkl\u0131 ses olay\u0131ndan nas\u0131l evrildi\u011fi a\u00e7\u0131klan\u0131yor<\/p>\n\n\n\n<ol type=\"1\">\n<li>ikileme (red\u00fcplikasyon):&nbsp; tk + tk<\/li>\n\n\n\n<li>ikinci hecede g\u00f6\u00e7\u00fc\u015fme (metatez): tk + tk &#8211;&gt; tk + kt<\/li>\n<\/ol>\n\n\n\n<p>*<em>tek<\/em> k\u00f6k\u00fcne \u201cd\u00f6\u015femek, birle\u015ftirmek, yapmak, in\u015fa etmek\u201c anlamlar\u0131n\u0131 vererek onun varl\u0131\u011f\u0131n\u0131 Yunancadaki <em>tiktein<\/em> \u201cdo\u011furmak, yaratmak\u201c s\u00f6z\u00fcne ba\u011fl\u0131yor Kastner.<\/p>\n\n\n\n<p>\u015eimdi T\u00fcrk diline ge\u00e7erken *<em>tek<\/em> k\u00f6k\u00fcn anlam\u0131n\u0131 g\u00fcn\u00fcm\u00fczde kullan\u0131lan dikmek s\u00f6z\u00fcnde buldu\u011fumuzu olduk\u00e7a vurgulamak gerekir.<\/p>\n\n\n\n<p><em>Dikmek<\/em> ve <em>diriltmek<\/em> s\u00f6zlerin S\u00fcmerce<\/p>\n\n\n\n<p><em>dirig<\/em> \u201cy\u00fcksek olmak, y\u00fckseklere <strong>in\u015fa<\/strong> etmek\u201c<\/p>\n\n\n\n<p>de \u00f6rne\u011fi var.<\/p>\n\n\n\n<p>Ayr\u0131ca do\u011furmak<\/p>\n\n\n\n<p><em>du<\/em> &nbsp;&nbsp;&nbsp;&nbsp;&nbsp;&nbsp;&nbsp;&nbsp;&nbsp;&nbsp;&nbsp;&nbsp;&nbsp;&nbsp;&nbsp;&nbsp;&nbsp;&nbsp; \u2013 &nbsp;\u201cyapmak, in\u015fa etmek\u201c<\/p>\n\n\n\n<p><em>utud<\/em>\/<em>tuud<\/em>&nbsp;&nbsp;&nbsp;&nbsp;&nbsp;&nbsp; \u2013 \u201cdo\u011furmak\u201c<\/p>\n\n\n\n<p>Kal\u0131n ve yuvarlak [o]\/[u] \u00fcnl\u00fclerin d\u00fcz [e] ve [i] \u00fcnl\u00fclerine d\u00f6n\u00fc\u015fmesi ko\u015fuluyla hem *<em>tek<\/em> morfemin hem g\u00fcn\u00fcm\u00fcz T\u00fcrk\u00e7esinde kullan\u0131lan dikmek s\u00f6z\u00fcn en arkaik S\u00fcmer dilindeki *<em>tu<\/em> k\u00f6k\u00fcnden t\u00fcredi\u011fini \u00f6ne s\u00fcrebiliriz.<\/p>\n\n\n\n<p>10000 y\u0131l \u00f6nce insanlar konaklama amac\u0131 d\u0131\u015f\u0131nda diktikleri yap\u0131tlar yan\u0131nda kuma\u015f dokumac\u0131l\u0131\u011f\u0131na ba\u015flad\u0131klar\u0131n\u0131 ve sonraki \u00e7a\u011flara ait Yunanca dilindeki <em>tektonik<\/em> gibi bir s\u00f6z\u00fcn \u00f6nceden var olan S\u00fcmer dili ve k\u00fclt\u00fcr\u00fcnden evrildi\u011fini an\u0131msayarak tarihi olgular kan\u0131lar\u0131m\u0131z\u0131 do\u011frulad\u0131\u011f\u0131n\u0131 g\u00f6r\u00fcyoruz.<\/p>\n\n\n\n<p><\/p>\n\n\n\n<p><\/p>\n\n\n\n<h3 class=\"wp-block-heading\"><a id=\"_Toc119245029\">3.2.2 s\u00fcbtil<\/a><\/h3>\n\n\n\n<p>s\u00fcbtil (s\u0131f.) c. 1300 (13. y\u00fczy\u0131l ortas\u0131, soyad\u0131 olarak), sotil, &#8220;i\u00e7ine i\u015fleyen; ustaca; incelikli&#8221; (zihne ait); Eski Frans\u0131zcadan sotil, soutil, subtil &#8220;usta, kurnaz, bilge; ayr\u0131nt\u0131l\u0131; iyi haz\u0131rlanm\u0131\u015f&#8221; (12c., Modern Frans\u0131zca subtil), Latince <em>subtilis<\/em>&#8216;ten &#8220;ince, ince, narin, <strong>ince dokunmu\u015f<\/strong>;&#8221; mecazi olarak &#8220;kesin, hassas, do\u011fru&#8221;;<\/p>\n\n\n\n<p>lezzete\/yarg\u0131: &#8220;iyi, ho\u015f, keskin&#8221;; &nbsp;tarz\/stil: &nbsp;&#8220;sade, basit, do\u011frudan&#8221;;<\/p>\n\n\n\n<ul>\n<li>sub &#8220;alt&#8221; + -tilis, <strong>tela &#8220;web&#8217;den, net; uzunlamas\u0131na kuma\u015f ipli\u011fi<\/strong>,&#8221;<\/li>\n<\/ul>\n\n\n\n<p>HA: &nbsp;&nbsp;&nbsp;&nbsp; *<em>teks<\/em>&#8211; &#8220;dokumak&#8221;, ayr\u0131ca &#8220;fabrika etmek&#8221;.<\/p>\n\n\n\n<p>Watkins&#8217;e g\u00f6re &#8220;\u00e7\u00f6zg\u00fc alt\u0131ndan ge\u00e7en iplik, en ince iplik&#8221;<\/p>\n\n\n\n<p>ST:&nbsp;&nbsp;&nbsp; &nbsp;&nbsp; tug<sub>2<\/sub> \/ tu<sub>14<\/sub> \/ tuku<sub>5 <\/sub>;&nbsp; doku &#8211;&gt; *tek, *teg<\/p>\n\n\n\n<p>&nbsp;&nbsp;&nbsp;&nbsp;&nbsp;&nbsp;&nbsp;&nbsp;&nbsp;&nbsp;&nbsp; kal\u0131n ve yuvarlak [o] ince ve d\u00fcz [e] \u00fcnl\u00fcs\u00fcne d\u00f6n\u00fc\u015ft\u00fc\u011f\u00fcn\u00fc g\u00f6r\u00fcyoruz<\/p>\n\n\n\n<p>&nbsp;&nbsp;&nbsp;&nbsp;&nbsp;&nbsp;&nbsp;&nbsp;&nbsp;&nbsp;&nbsp;&nbsp; du \u201cyapmak, in\u015fa etmek\u201c, dirig \u201cy\u00fcksek olmak, y\u00fckseklere in\u015fa etmek\u201c<\/p>\n\n\n\n<p>&nbsp;&nbsp;&nbsp;&nbsp;&nbsp;&nbsp;&nbsp;&nbsp;&nbsp;&nbsp;&nbsp;&nbsp; dikmek, diriltmek, do\u011fmak<\/p>\n\n\n\n<p><\/p>\n\n\n\n<p><\/p>\n\n\n\n<h3 class=\"wp-block-heading\"><a id=\"_Toc119245028\">3.2.3 text\/textil<\/a><\/h3>\n\n\n\n<p><strong>text<\/strong><strong> <\/strong>&nbsp;&nbsp;&nbsp;&nbsp;&nbsp;&nbsp;&nbsp;&nbsp;&nbsp;&nbsp;&nbsp;&nbsp;&nbsp;&nbsp;&nbsp;&nbsp;&nbsp;&nbsp;&nbsp; \u2013 metin (i.)<\/p>\n\n\n\n<p>Eski Frans\u0131zca texte&#8217;den, Eski Kuzey Frans\u0131zca tixte&#8217;den &#8220;metin, kitap; \u0130nciller&#8221; (12c.), Orta\u00e7a\u011f Latince textus&#8217;tan &#8220;Kutsal Yaz\u0131lar, metin, inceleme&#8221;,<\/p>\n\n\n\n<p>Ge\u00e7 Latince &#8220;yaz\u0131l\u0131 olan herhangi bir \u015feyin ifadesi&#8221; hesap, i\u00e7erik, bir belgede kullan\u0131lan karakterler,&#8221; Latince <em>textus<\/em>&#8216;tan &#8220;bir i\u015fin stili veya dokusu&#8221;;<\/p>\n\n\n\n<p>kelimenin tam anlam\u0131 &#8220;<strong>dokunmu\u015f \u015fey<\/strong>&#8220;;<\/p>\n\n\n\n<p>Latince &nbsp;<em>texere<\/em> &#8220;\u00f6rmek, birle\u015ftirmek, bir araya getirmek, \u00f6rmek, i\u00e7 i\u00e7e ge\u00e7irmek, in\u015fa etmek , fabrikasyon, in\u015fa&#8221;<\/p>\n\n\n\n<p>HA: &nbsp;&nbsp;&nbsp;&nbsp; *teks- &#8220;dokumak, imal etmek, yapmak; has\u0131r veya sazdan \u00e7er\u00e7eve yapmak&#8221;<\/p>\n\n\n\n<p>ST:&nbsp;&nbsp;&nbsp; &nbsp;&nbsp; tug<sub>2<\/sub> \/ tu<sub>14<\/sub> \/ tuku<sub>5 <\/sub>;&nbsp; doku &#8211;&gt; tek, teg<\/p>\n\n\n\n<p>&nbsp;&nbsp;&nbsp;&nbsp;&nbsp;&nbsp;&nbsp;&nbsp;&nbsp;&nbsp;&nbsp; kal\u0131n ve yuvarlak [o] ince ve d\u00fcz [e] \u00fcnl\u00fcs\u00fcne d\u00f6n\u00fc\u015ft\u00fc\u011f\u00fcn\u00fc g\u00f6r\u00fcyoruz<\/p>\n\n\n\n<ul>\n<li>Unutmamak gerekir: \u0130lk yaz\u0131lar\u0131 ortaya koyanlar S\u00fcmerlerdi. O \u00e7ivi yaz\u0131lar\u0131na bakarsan\u0131z ger\u00e7ekten de ince dokunmu\u015f kuma\u015f\u0131 \u00e7a\u011fr\u0131\u015ft\u0131yor.<\/li>\n<\/ul>\n\n\n\n<p><strong>tekstil<\/strong><\/p>\n\n\n\n<p>1620&#8217;lerden, Latince <em>textilis<\/em>&#8216;ten &#8220;a\u011f, kanvas, dokuma kuma\u015f, kuma\u015f, dokunmu\u015f bir<\/p>\n\n\n\n<p>\u015fey&#8221;; <em>textilis<\/em> [&#8220;dokuma, d\u00f6vme&#8221;] s\u00f6z\u00fcn isim olarak kullan\u0131m\u0131ndan<\/p>\n\n\n\n<p>HA: &nbsp;&nbsp;&nbsp;&nbsp; *teks- &#8220;dokumak&#8221;, ayr\u0131ca &#8221; imal etmek&#8221;<\/p>\n\n\n\n<p>ST:&nbsp;&nbsp;&nbsp; &nbsp;&nbsp; tug<sub>2<\/sub> \/ tu<sub>14<\/sub> \/ tuku<sub>5 <\/sub>;&nbsp; doku &#8211;&gt; *tek, *teg<\/p>\n\n\n\n<p>kal\u0131n ve yuvarlak [o] ince ve d\u00fcz [e] \u00fcnl\u00fcs\u00fcne d\u00f6n\u00fc\u015ft\u00fc\u011f\u00fcn\u00fc g\u00f6r\u00fcyoruz<\/p>\n\n\n\n<p>Bu incelemeler ve dokuyu\u015flar art\u0131k <em>text<\/em> s\u00f6z\u00fcn ger\u00e7ek silsilesini \u00f6n\u00fcm\u00fcze dizmeye izin veriyor:<\/p>\n\n\n\n<p><\/p>\n\n\n<div class=\"wp-block-image\">\n<figure class=\"aligncenter size-large is-resized\"><img loading=\"lazy\" decoding=\"async\" src=\"https:\/\/mublog.net\/wp-content\/uploads\/2022\/11\/text_koken2-1-791x1024.png\" alt=\"\" class=\"wp-image-157\" width=\"592\" height=\"767\" srcset=\"https:\/\/mublog.net\/wp-content\/uploads\/2022\/11\/text_koken2-1-791x1024.png 791w, https:\/\/mublog.net\/wp-content\/uploads\/2022\/11\/text_koken2-1-232x300.png 232w, https:\/\/mublog.net\/wp-content\/uploads\/2022\/11\/text_koken2-1-768x995.png 768w, https:\/\/mublog.net\/wp-content\/uploads\/2022\/11\/text_koken2-1-591x765.png 591w, https:\/\/mublog.net\/wp-content\/uploads\/2022\/11\/text_koken2-1-600x777.png 600w, https:\/\/mublog.net\/wp-content\/uploads\/2022\/11\/text_koken2-1.png 793w\" sizes=\"(max-width: 592px) 100vw, 592px\" \/><figcaption class=\"wp-element-caption\">text s\u00f6z\u00fcn soy a\u011fac\u0131<\/figcaption><\/figure><\/div>\n\n\n<h3 class=\"wp-block-heading\"><a id=\"_Toc119245030\">3.2.4 teknik\/teknoloji<\/a><\/h3>\n\n\n\n<p>tekno- &#8220;sanat, zanaat, beceri&#8221;, daha sonra &#8220;teknik, teknoloji&#8221; anlam\u0131na gelen, tekhn\u0113 &#8220;sanat, beceri, i\u015fte zanaat; y\u00f6ntem, sistem, sanat, sistem&#8221; kavramlar\u0131n\u0131 birle\u015ftiren Yunanca tekhno- kelimesinden<\/p>\n\n\n\n<p>HA: &nbsp;*teks-na- &#8220;zanaat&#8221; (dokuma veya fabrikasyon), k\u00f6k\u00fcn *teks- eki bi\u00e7iminden &#8220;dokuma&#8221;,<\/p>\n\n\n\n<p>ayr\u0131ca &#8220;fabrikasyon&#8221; kelimesinden &#8220;yapma veya yapma y\u00f6ntemi&#8221;.<\/p>\n\n\n\n<p>teknoloji (i.) 1610&#8217;lardan, &#8220;bir sanat veya sanatlar \u00fczerine bir s\u00f6ylem veya inceleme&#8221;, Yunanca tekhnologia&#8217;n\u0131n Latince bi\u00e7iminden &#8220;bir sanat, zanaat veya tekni\u011fin sistematik olarak ele al\u0131nmas\u0131&#8221;; ilk ba\u015flarda dilbilgisine at\u0131fta bulunan <em>tekhno<\/em>-&#8216;dan, <em>tekhn\u0113<\/em> &#8220;sanat, beceri, i\u015fte zanaat; y\u00f6ntem, sistem, bir sanat, bir yap\u0131m veya i\u015fletme y\u00f6ntemi,&#8221;<\/p>\n\n\n\n<p>HA: &nbsp;&nbsp;&nbsp;&nbsp; *teks-na- &#8220;zanaat&#8221; (dokuma veya imalat),&nbsp; *<em>teks<\/em>&#8211; [&#8220;dokuma, imal etmek&#8221;] k\u00f6k\u00fcnden t\u00fcreme;<\/p>\n\n\n\n<p>&nbsp;&#8220;Mekanik ve end\u00fcstriyel sanatlar\u0131n incelenmesi&#8221; anlam\u0131 (Century Dictionary, 1895, iplik\u00e7ilikten, metal i\u015flemeden veya birac\u0131l\u0131ktan \u00f6rnekler verir) 1859&#8217;da kaydedilmi\u015ftir.<\/p>\n\n\n\n<p>ST:&nbsp;&nbsp;&nbsp; &nbsp;&nbsp; tug<sub>2<\/sub> \/ tu<sub>14<\/sub> \/ tuku<sub>5 <\/sub>;&nbsp; doku &#8211;&gt; *tek, *teg<\/p>\n\n\n\n<p>&nbsp;&nbsp;&nbsp;&nbsp;&nbsp;&nbsp;&nbsp;&nbsp;&nbsp;&nbsp;&nbsp; kal\u0131n ve yuvarlak [o] ince ve d\u00fcz [e] \u00fcnl\u00fcs\u00fcne d\u00f6n\u00fc\u015ft\u00fc\u011f\u00fcn\u00fc g\u00f6r\u00fcyoruz<\/p>\n\n\n\n<p>&nbsp;&nbsp;&nbsp;&nbsp;&nbsp;&nbsp;&nbsp;&nbsp;&nbsp;&nbsp;&nbsp;&nbsp; du<sub>3<\/sub> \u201cyapmak, in\u015fa etmek\u201c, dirig \u201cy\u00fcksek olmak, y\u00fckseklere in\u015fa etmek\u201c<\/p>\n\n\n\n<p>&nbsp;&nbsp;&nbsp;&nbsp;&nbsp;&nbsp;&nbsp;&nbsp;&nbsp;&nbsp;&nbsp;&nbsp; dikmek, diriltmek, do\u011fmak<\/p>\n\n\n\n<p>&nbsp;&nbsp;&nbsp;&nbsp;&nbsp;&nbsp;&nbsp;&nbsp;&nbsp;&nbsp;&nbsp; takmak<\/p>\n\n\n\n<h3 class=\"wp-block-heading\"><a id=\"_Toc119245031\">3.2.5 taktik<\/a><\/h3>\n\n\n\n<p>taktik (i.) 1766, Modern Latin takti\u011finden, Yunanca &#8220;(tekhn\u0113)&#8221; d\u00fczenlemesinden;&nbsp; taktikos &#8220;d\u00fczenleme ile ilgili&#8221;, daha \u00f6nce &#8220;taktik\u00e7i&#8221; (1630&#8217;lar) anlam\u0131na geliyordu ve &#8220;taktik&#8221; anlam\u0131na gelen bir s\u0131fat olarak kullan\u0131l\u0131yordu (c. 1600).<\/p>\n\n\n\n<p>taktikler&nbsp;(n.) 1620&#8217;ler, Modern Latince tactica&#8217;dan (17c.), Yunanca &#8220;d\u00fczenleme sanat\u0131&#8221;ndan, taktikos &#8220;sava\u015f i\u00e7in askeri g\u00fc\u00e7leri d\u00fczenleme bilimi&#8221;. &#8220;d\u00fczenleme veya d\u00fczenleme ile ilgili&#8221;, \u00f6zellikle &#8220;sava\u015fta taktikler&#8221;;<\/p>\n\n\n\n<p>taxis s\u00f6z\u00fcnden t\u00fcremis s\u0131fat: &#8220;d\u00fczenlenme, bir ordunun d\u00fczeni, konu\u015flanmas\u0131; sava\u015f d\u00fczeni; d\u00fczen, d\u00fczenlilik&#8221;, tassein &#8220;d\u00fczenlemek&#8221;,<\/p>\n\n\n\n<p>HA: &nbsp;&nbsp;&nbsp;&nbsp;&nbsp; *tag- &#8220;dokunmak, i\u015flemek.&#8221;<\/p>\n\n\n\n<p>ST:&nbsp;&nbsp;&nbsp; &nbsp;&nbsp; tag<\/p>\n\n\n\n<p>&nbsp;&nbsp;&nbsp;&nbsp;&nbsp;&nbsp;&nbsp;&nbsp;&nbsp;&nbsp;&nbsp; du<sub>3<\/sub> \u201cyapmak, i\u015flemek\u201c<\/p>\n\n\n\n<p>&nbsp;&nbsp;&nbsp;&nbsp;&nbsp;&nbsp;&nbsp;&nbsp;&nbsp;&nbsp;&nbsp;&nbsp; takmak, atak<\/p>\n\n\n\n<h3 class=\"wp-block-heading\"><a id=\"_Toc119245032\">3.2.6 taxis\/tassein<\/a><\/h3>\n\n\n\n<p>&#8220;yer de\u011fi\u015ftiren par\u00e7alar\u0131n do\u011fal durumlar\u0131na geri konulmas\u0131 i\u015flemi&#8221;, 1758, t\u0131bbi Latince, Yunanca taksilerden &#8220;d\u00fczenleme, d\u00fczenleme, bir ordunun d\u00fczeni veya konu\u015flanmas\u0131, sava\u015f d\u00fczeni; d\u00fczen, d\u00fczenlilik&#8221;, tassein &#8220;d\u00fczenlemek<\/p>\n\n\n\n<p>fr. taxer &#8220;vergi almak&#8221; \u2022 1464; tausser &#8220;de\u011ferlendirmek&#8221; ; Lat. taxare; Yun. taxis , tassein &nbsp;[&#8220;d\u00fczeltmek, d\u00fczene getirmek, takmak&#8221;]<\/p>\n\n\n\n<p>alm. taxieren&nbsp; &#8220;de\u011fer bi\u00e7mek&#8221;; bir mal\u0131n fiyat\u0131n\u0131, parasal de\u011ferini belirlemek; vergiyi, \u00fccretin (yasal olarak) miktar\u0131n\u0131 tahmin etmek; \u00f6zellikle de kullan\u0131lm\u0131\u015f bir mal\u0131n veya m\u00fclk\u00fcn mevcut de\u011ferini resmi olarak belirlemek; Lat. tax\u0101re&#8217;den&nbsp; &#8220;<strong>dokunmak<\/strong>, (hissederek) bir \u015feyin de\u011ferini belirlemek&#8221;<\/p>\n\n\n\n<p>HA: &nbsp;&nbsp;&nbsp;&nbsp; *tag- &#8220;dokunmak, i\u015flemek.&#8221;<\/p>\n\n\n\n<p>ST:&nbsp;&nbsp;&nbsp; &nbsp;&nbsp; tag<\/p>\n\n\n\n<p>&nbsp;&nbsp;&nbsp;&nbsp;&nbsp;&nbsp;&nbsp;&nbsp;&nbsp;&nbsp;&nbsp; du<sub>3<\/sub> \u201cyapmak, i\u015flemek\u201c<\/p>\n\n\n\n<p>&nbsp;&nbsp;&nbsp;&nbsp;&nbsp;&nbsp;&nbsp;&nbsp;&nbsp;&nbsp;&nbsp;&nbsp; dokunmak<\/p>\n\n\n\n<p>&nbsp;&nbsp;&nbsp;&nbsp;&nbsp;&nbsp;&nbsp;&nbsp;&nbsp;&nbsp;&nbsp; dizmek<\/p>\n\n\n\n<h3 class=\"wp-block-heading\"><a id=\"_Toc119245033\">3.2.7 integer<\/a><\/h3>\n\n\n\n<p>integer (n.) &#8220;tam say\u0131&#8221; (kesir yerine), 1570&#8217;lerden beri Latince integer [tam] (s\u0131f.) s\u00f6z\u00fcn\u00fc isim olarak kullan\u0131m\u0131ndan; <strong>&#8220;bozulmam\u0131\u015f, tam, eksiksiz&#8221;, mecazi olarak, &#8220;bozulmam\u0131\u015f, dik&#8221;, kelimenin tam anlam\u0131yla &#8220;dokunulmam\u0131\u015f&#8221;,<\/strong> &nbsp;&#8211;&gt; tangere [&#8220;dokunmak&#8221;]<\/p>\n\n\n\n<p>HA: &nbsp;&nbsp;&nbsp;&nbsp;&nbsp; *tag- &#8220;dokunmak, i\u015flemek&#8221;<\/p>\n\n\n\n<p>ST:&nbsp;&nbsp;&nbsp; &nbsp;&nbsp; tag<\/p>\n\n\n\n<p>&nbsp;&nbsp;&nbsp;&nbsp;&nbsp;&nbsp;&nbsp;&nbsp;&nbsp;&nbsp;&nbsp;&nbsp; dokunma, dokunulmam\u0131\u015f<\/p>\n\n\n\n<h3 class=\"wp-block-heading\"><a id=\"_Toc119245034\">3.2.8 tanjant, te\u011fet<\/a><\/h3>\n\n\n\n<p>tanjant (s\u0131f.) 1590&#8217;lardan, Latince <em>tangentem<\/em>&#8216;den (yal\u0131n hali <em>tangens<\/em>), &#8220;kesi\u015fmeden bir noktada bulu\u015fma&#8221;<\/p>\n\n\n\n<p>HA: &nbsp;&nbsp;&nbsp;&nbsp; *<em>tag<\/em>&#8211; &#8220;dokunmak, i\u015flemek&#8221; k\u00f6k\u00fcnden; &nbsp;<em>tangere<\/em> fiilin geni\u015f zaman ortac\u0131;<\/p>\n\n\n\n<p>\u0130lk olarak Danimarkal\u0131 matematik\u00e7i Thomas Fincke taraf\u0131ndan &#8220;Geometria Rotundi&#8221; (1583) taraf\u0131ndan kullan\u0131lm\u0131\u015ft\u0131r. 1825&#8217;te daha geni\u015f &#8220;bir \u00f6zneyle biraz ba\u011flant\u0131l\u0131&#8221; anlam\u0131nda kullan\u0131ld\u0131\u011f\u0131 kaydedilmi\u015ftir.<\/p>\n\n\n\n<p>\u2192 kr\u015f. te\u011fet<\/p>\n\n\n\n<ul>\n<li><\/li>\n<\/ul>\n\n\n\n<p>ST:&nbsp;&nbsp;&nbsp; &nbsp;&nbsp; tug<sub>2<\/sub> \/ tu<sub>14<\/sub> \/ tuku<sub>5 <\/sub>;&nbsp; doku &#8211;&gt; *tek, *teg<\/p>\n\n\n\n<p>&nbsp;&nbsp;&nbsp;&nbsp;&nbsp;&nbsp;&nbsp;&nbsp;&nbsp;&nbsp;&nbsp; kal\u0131n ve yuvarlak [o] ince ve d\u00fcz [a] \u00fcnl\u00fcs\u00fcne d\u00f6n\u00fc\u015ft\u00fc\u011f\u00fcn\u00fc g\u00f6r\u00fcyoruz<\/p>\n\n\n\n<p>&nbsp;&nbsp;&nbsp;&nbsp;&nbsp;&nbsp;&nbsp;&nbsp;&nbsp;&nbsp;&nbsp;&nbsp; dokunmak<\/p>\n\n\n\n<h3 class=\"wp-block-heading\"><a id=\"_Toc119245035\">3.2.9 tact\/contact<\/a><\/h3>\n\n\n\n<p>contact (n.) 1620&#8217;ler, &#8220;dokunma eylemi, durumu veya durumu&#8221;, Latince contactus&#8217;tan &#8220;dokunma&#8221; (\u00f6zellikle &#8220;kirli bir \u015feye dokunma, bula\u015fma&#8221;); <em>contingere<\/em> [&#8220;dokunmak, ele ge\u00e7irmek&#8221; ] fiilin ge\u00e7mi\u015f zaman ortac\u0131ndan; <em>con<\/em>\/<em>com<\/em> &#8220;ile, birlikte&#8221; + <em>tangere<\/em> &#8220;dokunmak&#8221;,<\/p>\n\n\n\n<p>&nbsp;&nbsp;&nbsp;&nbsp;&nbsp;&nbsp;&nbsp;&nbsp;&nbsp;&nbsp;&nbsp;&nbsp;&nbsp;&nbsp; HA: &nbsp;&nbsp;&nbsp;&nbsp;&nbsp; *tag- &#8220;dokunmak, i\u015flemek.&#8221;<\/p>\n\n\n\n<p>                ST:&nbsp;&nbsp;&nbsp; &nbsp;&nbsp; tag<\/p>\n\n\n\n<p>&nbsp;&nbsp;&nbsp;&nbsp;&nbsp;&nbsp;&nbsp;&nbsp;&nbsp;&nbsp;&nbsp;&nbsp; &nbsp;&nbsp;&nbsp;&nbsp;&nbsp;&nbsp;&nbsp;&nbsp;&nbsp;&nbsp;&nbsp; dokunmak<\/p>\n\n\n\n<p>tact,&nbsp;n.&nbsp;[L.&nbsp;<em>tactus<\/em>&nbsp;a touching, touch, fr.&nbsp;<em>tangere<\/em>,&nbsp;<em>tactum<\/em>, to touch: cf. F.&nbsp;<em>tact<\/em>].<\/p>\n\n\n\n<ol type=\"1\">\n<li>Dokunma hissi; his.<\/li>\n\n\n\n<li>m\u00fczikte zamanlanm\u0131s vuru\u015f; notalar\u0131n h\u0131z\u0131<\/li>\n\n\n\n<li><strong>Hassas zihinsel dokunu\u015f<\/strong>; \u00f6zel beceri veya yetenek; g\u00fczel alg\u0131 veya ay\u0131rt etme; ko\u015fullar\u0131n gerektirdi\u011fini takdir etme ve yapma g\u00fcc\u00fc.<\/li>\n<\/ol>\n","protected":false},"excerpt":{"rendered":"<p>#dokuma, #text, #teknik, #tak\u015fut, #tact \u00d6zet: Bir yanda S\u00fcmer dilinde tug2 \/ tu14 \/tuku5, &nbsp;\u00f6b\u00fcr yanda g\u00fcn\u00fcm\u00fcz\u00fcn T\u00fcrk dilinde kullan\u0131lan dokumak\/d\u00f6\u011fmek\/do\u011fmak ve takmak s\u00f6zlerini e\u015f k\u00f6kenlere ba\u011flay\u0131p bunlar\u0131n Hint Avrupa dillerin belli bir s\u00f6z da\u011farc\u0131\u011f\u0131n\u0131n kayna\u011f\u0131n\u0131 olu\u015fturdu\u011funu \u00f6ne s\u00fcr\u00fcyoruz. \u00d6ns\u00f6z: Uygarl\u0131klar\u0131n ba\u015flang\u0131\u00e7lar\u0131ndan beri k\u00fcresel k\u00fclt\u00fcre damgas\u0131n\u0131 vuran S\u00fcmerlerin antik Kenger dili etimolojik kaynak olarak ele &#8230; <a title=\"\u0130nce Dokuyu\u015flar\" class=\"read-more\" href=\"https:\/\/mublog.net\/index.php\/2022\/11\/14\/ince-dokuyuslar\/\" aria-label=\"More on \u0130nce Dokuyu\u015flar\">Devam\u0131n\u0131 oku<\/a><\/p>\n","protected":false},"author":2,"featured_media":194,"comment_status":"open","ping_status":"open","sticky":false,"template":"","format":"standard","meta":{"om_disable_all_campaigns":false,"_monsterinsights_skip_tracking":false,"_monsterinsights_sitenote_active":false,"_monsterinsights_sitenote_note":"","_monsterinsights_sitenote_category":0,"footnotes":""},"categories":[46,49,34,42,41,45,36,40,43,44,39,38,35,50,47,48],"tags":[],"aioseo_notices":[],"_links":{"self":[{"href":"https:\/\/mublog.net\/index.php\/wp-json\/wp\/v2\/posts\/151"}],"collection":[{"href":"https:\/\/mublog.net\/index.php\/wp-json\/wp\/v2\/posts"}],"about":[{"href":"https:\/\/mublog.net\/index.php\/wp-json\/wp\/v2\/types\/post"}],"author":[{"embeddable":true,"href":"https:\/\/mublog.net\/index.php\/wp-json\/wp\/v2\/users\/2"}],"replies":[{"embeddable":true,"href":"https:\/\/mublog.net\/index.php\/wp-json\/wp\/v2\/comments?post=151"}],"version-history":[{"count":35,"href":"https:\/\/mublog.net\/index.php\/wp-json\/wp\/v2\/posts\/151\/revisions"}],"predecessor-version":[{"id":455,"href":"https:\/\/mublog.net\/index.php\/wp-json\/wp\/v2\/posts\/151\/revisions\/455"}],"wp:featuredmedia":[{"embeddable":true,"href":"https:\/\/mublog.net\/index.php\/wp-json\/wp\/v2\/media\/194"}],"wp:attachment":[{"href":"https:\/\/mublog.net\/index.php\/wp-json\/wp\/v2\/media?parent=151"}],"wp:term":[{"taxonomy":"category","embeddable":true,"href":"https:\/\/mublog.net\/index.php\/wp-json\/wp\/v2\/categories?post=151"},{"taxonomy":"post_tag","embeddable":true,"href":"https:\/\/mublog.net\/index.php\/wp-json\/wp\/v2\/tags?post=151"}],"curies":[{"name":"wp","href":"https:\/\/api.w.org\/{rel}","templated":true}]}}